{"id":5339,"date":"2019-03-14T15:20:12","date_gmt":"2019-03-14T15:20:12","guid":{"rendered":"http:\/\/jsdacores.pt\/front\/?p=5339"},"modified":"2019-03-20T15:38:30","modified_gmt":"2019-03-20T15:38:30","slug":"jsd-ponta-delgada-lamenta-que-a-falta-de-conhecimento-seja-o-motivo-das-criticas-da-js-a-rede-minibus","status":"publish","type":"post","link":"http:\/\/jsdacores.pt\/front\/news\/jsd-ponta-delgada-lamenta-que-a-falta-de-conhecimento-seja-o-motivo-das-criticas-da-js-a-rede-minibus\/","title":{"rendered":"JSD\/Ponta Delgada lamenta que a &#8220;falta de conhecimento&#8221; seja o motivo das cr\u00edticas da JS \u00e0 rede Minibus"},"content":{"rendered":"<h4>A concelhia de Ponta Delgada da JSD\/A\u00e7ores lamentou hoje, em comunicado, que a Juventude Socialista do concelho &#8220;n\u00e3o tenha conhecimento do servi\u00e7o de transporte p\u00fablico&#8221; na cidade, criticando por puro desconhecimento a rede de minibus do maior munic\u00edpio A\u00e7oriano.<\/h4>\n<p>&#8220;Os estudantes universit\u00e1rios, que residam ou n\u00e3o na resid\u00eancia universit\u00e1ria, em Ponta Delgada, t\u00eam ao seu dispor a linha C de minibus, que tem uma paragem junto \u00e0 resid\u00eancia universit\u00e1ria. No seu itiner\u00e1rio, a linha C, cruza com a linha B, na\u00a0Avenida Dom Jo\u00e3o III, sendo que a linha B tem passagem pelo port\u00e3o norte da Universidade dos A\u00e7ores. Essa mesma linha poder\u00e1 ser aproveitada pelos estudantes que pretendam depois utilizar o transporte interurbano&#8221; esclareceu a estrutura liderada por Lu\u00eds Ramos Freitas.<\/p>\n<p>\u201cA utiliza\u00e7\u00e3o deste transporte urbano poder\u00e1 ser feito atrav\u00e9s de passes semanais e mensais com tarif\u00e1rio social para estudantes\u201d relembrou a JSD\/Ponta Delgada no seu comunicado.<\/p>\n<p>Para a concelhia local Social Democrata, &#8220;se\u00a0a Juventude Socialista estivesse preocupada com a pol\u00edtica de mobilidade no concelho, pedia ao Governo Regional a <span class=\"gmail-st\">integra\u00e7\u00e3o deste modelo de transporte urbano no Plano Integrado de Transportes Terrestres&#8221; desafiando a JS a levar este assunto ao pr\u00f3ximo &#8220;Conselho Regional de Juventude e interpele quem de direito&#8221;.\u00a0<\/span><\/p>\n<p>&nbsp;<\/p>\n","protected":false},"excerpt":{"rendered":"<p>A concelhia de Ponta Delgada da JSD\/A\u00e7ores lamentou hoje, em comunicado, que a Juventude Socialista do concelho &#8220;n\u00e3o tenha conhecimento do servi\u00e7o de transporte p\u00fablico&#8221; na<span class=\"excerpt-hellip\"> [\u2026]<\/span><\/p>\n","protected":false},"author":1,"featured_media":5362,"comment_status":"open","ping_status":"open","sticky":false,"template":"","format":"image","meta":{"spay_email":"","footnotes":"","jetpack_publicize_message":"","jetpack_is_tweetstorm":false,"jetpack_publicize_feature_enabled":true},"categories":[11,24],"tags":[],"class_list":["post-5339","post","type-post","status-publish","format-image","has-post-thumbnail","hentry","category-news","category-jotalocal","post_format-post-format-image"],"jetpack_featured_media_url":"https:\/\/i0.wp.com\/jsdacores.pt\/front\/wp-content\/uploads\/2019\/03\/minibus_1_1024_2500-e1553096186909-1.jpg?fit=1232%2C800","jetpack_publicize_connections":[],"jetpack_sharing_enabled":true,"jetpack_shortlink":"https:\/\/wp.me\/p8wvZV-1o7","_links":{"self":[{"href":"http:\/\/jsdacores.pt\/front\/wp-json\/wp\/v2\/posts\/5339","targetHints":{"allow":["GET"]}}],"collection":[{"href":"http:\/\/jsdacores.pt\/front\/wp-json\/wp\/v2\/posts"}],"about":[{"href":"http:\/\/jsdacores.pt\/front\/wp-json\/wp\/v2\/types\/post"}],"author":[{"embeddable":true,"href":"http:\/\/jsdacores.pt\/front\/wp-json\/wp\/v2\/users\/1"}],"replies":[{"embeddable":true,"href":"http:\/\/jsdacores.pt\/front\/wp-json\/wp\/v2\/comments?post=5339"}],"version-history":[{"count":3,"href":"http:\/\/jsdacores.pt\/front\/wp-json\/wp\/v2\/posts\/5339\/revisions"}],"predecessor-version":[{"id":5342,"href":"http:\/\/jsdacores.pt\/front\/wp-json\/wp\/v2\/posts\/5339\/revisions\/5342"}],"wp:featuredmedia":[{"embeddable":true,"href":"http:\/\/jsdacores.pt\/front\/wp-json\/wp\/v2\/media\/5362"}],"wp:attachment":[{"href":"http:\/\/jsdacores.pt\/front\/wp-json\/wp\/v2\/media?parent=5339"}],"wp:term":[{"taxonomy":"category","embeddable":true,"href":"http:\/\/jsdacores.pt\/front\/wp-json\/wp\/v2\/categories?post=5339"},{"taxonomy":"post_tag","embeddable":true,"href":"http:\/\/jsdacores.pt\/front\/wp-json\/wp\/v2\/tags?post=5339"}],"curies":[{"name":"wp","href":"https:\/\/api.w.org\/{rel}","templated":true}]}}