{"id":5399,"date":"2019-04-17T10:22:55","date_gmt":"2019-04-17T10:22:55","guid":{"rendered":"http:\/\/jsdacores.pt\/front\/?p=5399"},"modified":"2019-04-17T10:42:04","modified_gmt":"2019-04-17T10:42:04","slug":"diogo-vieira-reeleito-presidente-da-jsd-flores","status":"publish","type":"post","link":"http:\/\/jsdacores.pt\/front\/news\/diogo-vieira-reeleito-presidente-da-jsd-flores\/","title":{"rendered":"Diogo Vieira reeleito Presidente da JSD\/Flores"},"content":{"rendered":"<h4>Diogo Vieira renovou, nas elei\u00e7\u00f5es da passada segunda-feira, o mandato \u00e0 frente dos destinos da JSD\/Flores, onde tamb\u00e9m as estruturas concelhias de Santa Cruz, liderada por Marlene Costa, e das Lajes das Flores, liderada por Sim\u00e3o Silva, viram ser eleitas as novas equipas concelhias.<\/h4>\n<p>Aquele que era at\u00e9 segunda-feira o l\u00edder da JSD\/Flores, recebeu de novo a confian\u00e7a dos jovens sociais democratas Florentinos na lideran\u00e7a da estrutura de ilha da JSD\/A\u00e7ores, depois de h\u00e1 dois anos, ter sido o respons\u00e1vel pela reactiva\u00e7\u00e3o desta comiss\u00e3o pol\u00edtica de ilha.<\/p>\n<p>Fl\u00e1vio Soares, Presidente da JSD\/A\u00e7ores, enviou ao Presidente da JSD\/Flores os desejos que &#8220;a CPI das Flores continue a demonstrar ser uma voz dos jovens Florentinos dentro e fora da sua ilha&#8221;.<\/p>\n","protected":false},"excerpt":{"rendered":"<p>Diogo Vieira renovou, nas elei\u00e7\u00f5es da passada segunda-feira, o mandato \u00e0 frente dos destinos da JSD\/Flores, onde tamb\u00e9m as estruturas concelhias de Santa Cruz, liderada por<span class=\"excerpt-hellip\"> [\u2026]<\/span><\/p>\n","protected":false},"author":1,"featured_media":5415,"comment_status":"open","ping_status":"open","sticky":false,"template":"","format":"image","meta":{"spay_email":"","footnotes":"","jetpack_publicize_message":"","jetpack_is_tweetstorm":false,"jetpack_publicize_feature_enabled":true},"categories":[11,24],"tags":[],"class_list":["post-5399","post","type-post","status-publish","format-image","has-post-thumbnail","hentry","category-news","category-jotalocal","post_format-post-format-image"],"jetpack_featured_media_url":"https:\/\/i0.wp.com\/jsdacores.pt\/front\/wp-content\/uploads\/2019\/04\/IMG_7887.jpg?fit=1469%2C1053","jetpack_publicize_connections":[],"jetpack_sharing_enabled":true,"jetpack_shortlink":"https:\/\/wp.me\/p8wvZV-1p5","_links":{"self":[{"href":"http:\/\/jsdacores.pt\/front\/wp-json\/wp\/v2\/posts\/5399","targetHints":{"allow":["GET"]}}],"collection":[{"href":"http:\/\/jsdacores.pt\/front\/wp-json\/wp\/v2\/posts"}],"about":[{"href":"http:\/\/jsdacores.pt\/front\/wp-json\/wp\/v2\/types\/post"}],"author":[{"embeddable":true,"href":"http:\/\/jsdacores.pt\/front\/wp-json\/wp\/v2\/users\/1"}],"replies":[{"embeddable":true,"href":"http:\/\/jsdacores.pt\/front\/wp-json\/wp\/v2\/comments?post=5399"}],"version-history":[{"count":4,"href":"http:\/\/jsdacores.pt\/front\/wp-json\/wp\/v2\/posts\/5399\/revisions"}],"predecessor-version":[{"id":5416,"href":"http:\/\/jsdacores.pt\/front\/wp-json\/wp\/v2\/posts\/5399\/revisions\/5416"}],"wp:featuredmedia":[{"embeddable":true,"href":"http:\/\/jsdacores.pt\/front\/wp-json\/wp\/v2\/media\/5415"}],"wp:attachment":[{"href":"http:\/\/jsdacores.pt\/front\/wp-json\/wp\/v2\/media?parent=5399"}],"wp:term":[{"taxonomy":"category","embeddable":true,"href":"http:\/\/jsdacores.pt\/front\/wp-json\/wp\/v2\/categories?post=5399"},{"taxonomy":"post_tag","embeddable":true,"href":"http:\/\/jsdacores.pt\/front\/wp-json\/wp\/v2\/tags?post=5399"}],"curies":[{"name":"wp","href":"https:\/\/api.w.org\/{rel}","templated":true}]}}