{"id":5401,"date":"2019-04-17T10:04:31","date_gmt":"2019-04-17T10:04:31","guid":{"rendered":"http:\/\/jsdacores.pt\/front\/?p=5401"},"modified":"2019-04-17T10:04:31","modified_gmt":"2019-04-17T10:04:31","slug":"ricardo-costa-e-o-novo-presidente-da-jsd-faial","status":"publish","type":"post","link":"http:\/\/jsdacores.pt\/front\/news\/ricardo-costa-e-o-novo-presidente-da-jsd-faial\/","title":{"rendered":"Ricardo Costa \u00e9 o novo presidente da JSD\/Faial"},"content":{"rendered":"<h4>Ricardo Costa foi, na passada segunda-feira, eleito o novo presidente da JSD\/Faial, depois da lista que encabe\u00e7ou a este \u00f3rg\u00e3o de ilha da JSD\/A\u00e7ores ter vencido as elei\u00e7\u00f5es internas.<\/h4>\n<p>Na passada segunda-feira, depois de um processo eleitoral interno e de um processo de renova\u00e7\u00e3o das estruturas locais da JSD\/A\u00e7ores em final de mandato, Ricardo Costa assumiu fun\u00e7\u00f5es como o novo l\u00edder da estrutura, por um mandato de dois anos.<\/p>\n<p>Fl\u00e1vio Soares, Presidente da JSD\/A\u00e7ores, j\u00e1 endere\u00e7ou &#8220;o desejo de um trabalho prof\u00edcuo pela juventude Faialense&#8221;.<\/p>\n","protected":false},"excerpt":{"rendered":"<p>Ricardo Costa foi, na passada segunda-feira, eleito o novo presidente da JSD\/Faial, depois da lista que encabe\u00e7ou a este \u00f3rg\u00e3o de ilha da JSD\/A\u00e7ores ter vencido<span class=\"excerpt-hellip\"> [\u2026]<\/span><\/p>\n","protected":false},"author":1,"featured_media":5402,"comment_status":"open","ping_status":"open","sticky":false,"template":"","format":"image","meta":{"spay_email":"","footnotes":"","jetpack_publicize_message":"","jetpack_is_tweetstorm":false,"jetpack_publicize_feature_enabled":true},"categories":[11,24],"tags":[],"class_list":["post-5401","post","type-post","status-publish","format-image","has-post-thumbnail","hentry","category-news","category-jotalocal","post_format-post-format-image"],"jetpack_featured_media_url":"https:\/\/i0.wp.com\/jsdacores.pt\/front\/wp-content\/uploads\/2019\/04\/068A4739_.jpg?fit=5667%2C3774","jetpack_publicize_connections":[],"jetpack_sharing_enabled":true,"jetpack_shortlink":"https:\/\/wp.me\/p8wvZV-1p7","_links":{"self":[{"href":"http:\/\/jsdacores.pt\/front\/wp-json\/wp\/v2\/posts\/5401","targetHints":{"allow":["GET"]}}],"collection":[{"href":"http:\/\/jsdacores.pt\/front\/wp-json\/wp\/v2\/posts"}],"about":[{"href":"http:\/\/jsdacores.pt\/front\/wp-json\/wp\/v2\/types\/post"}],"author":[{"embeddable":true,"href":"http:\/\/jsdacores.pt\/front\/wp-json\/wp\/v2\/users\/1"}],"replies":[{"embeddable":true,"href":"http:\/\/jsdacores.pt\/front\/wp-json\/wp\/v2\/comments?post=5401"}],"version-history":[{"count":2,"href":"http:\/\/jsdacores.pt\/front\/wp-json\/wp\/v2\/posts\/5401\/revisions"}],"predecessor-version":[{"id":5404,"href":"http:\/\/jsdacores.pt\/front\/wp-json\/wp\/v2\/posts\/5401\/revisions\/5404"}],"wp:featuredmedia":[{"embeddable":true,"href":"http:\/\/jsdacores.pt\/front\/wp-json\/wp\/v2\/media\/5402"}],"wp:attachment":[{"href":"http:\/\/jsdacores.pt\/front\/wp-json\/wp\/v2\/media?parent=5401"}],"wp:term":[{"taxonomy":"category","embeddable":true,"href":"http:\/\/jsdacores.pt\/front\/wp-json\/wp\/v2\/categories?post=5401"},{"taxonomy":"post_tag","embeddable":true,"href":"http:\/\/jsdacores.pt\/front\/wp-json\/wp\/v2\/tags?post=5401"}],"curies":[{"name":"wp","href":"https:\/\/api.w.org\/{rel}","templated":true}]}}