{"id":5456,"date":"2019-05-06T09:21:17","date_gmt":"2019-05-06T09:21:17","guid":{"rendered":"http:\/\/jsdacores.pt\/front\/?p=5456"},"modified":"2019-05-06T09:21:17","modified_gmt":"2019-05-06T09:21:17","slug":"mentira-em-que-o-mentiroso-acredita-luis-pereira","status":"publish","type":"post","link":"http:\/\/jsdacores.pt\/front\/opiniao\/mentira-em-que-o-mentiroso-acredita-luis-pereira\/","title":{"rendered":"Mentira em que o mentiroso acredita &#8211; Lu\u00eds Pereira"},"content":{"rendered":"<p>O combate \u00e0 pobreza nos A\u00e7ores \u00e9 o caso t\u00edpico do mentiroso que come\u00e7a a acreditar na sua pr\u00f3pria mentira. Tanto o Governo Regional repete esse seu objetivo, que os pr\u00f3prios come\u00e7am a acreditar que est\u00e3o mesmo empenhados nessa luta.<\/p>\n<p>Nestes 23 anos, \u00e9 mentira que nos A\u00e7ores tenha, alguma vez, sido formulado o objetivo de combate \u00e0 pobreza, pois se ela \u00e9 o combust\u00edvel que tem ateado maiorias absolutas ao Partido Socialista, porque raio \u00e9 que os pr\u00f3prios iriam esgotar essa fonte de votos?<\/p>\n<p>A pobreza \u00e9 a respons\u00e1vel pela depend\u00eancia generalizada do povo A\u00e7oriano do assistencialismo p\u00fablico que tem sustentado o PS no poder durante todos estes anos, para desgra\u00e7a desta regi\u00e3o.<\/p>\n<p>\u00c9 com o fim desse assistencialismo que o PS acena todos os actos eleitorais. \u00c9 com esse fim que o PS assusta os A\u00e7orianos, quando as suas pr\u00f3prias pernas come\u00e7am a tremer, da mera possibilidade de perder o poder.<\/p>\n<p>Quantas vezes o nome do PSD foi invocado para justificar a necessidade de votar PS, porque \u201cse eles ganham, v\u00e3o acabar com os programas e com o cheque pequenino\u201d? E este \u00e9 apenas um exemplo do abuso desmedido e desavergonhado da pobreza, que os pr\u00f3prios alimentam.<\/p>\n<p>O Partido Socialista n\u00e3o se inibe de lembrar, frequentemente, aqueles que se encontram ocupados num programa qualquer (que n\u00e3o \u00e9 um emprego) que foram eles que o arranjaram. \u00c9 a lembran\u00e7a de um favor feito, para ser cobrado na hora do dep\u00f3sito do voto na urna.<\/p>\n<p>O PSD, autor de uma das melhores medidas de cria\u00e7\u00e3o de emprego alguma vez formulada nestas nove ilhas &#8211; o Programa Gera\u00e7\u00f5es, defensor do trabalho com estabilidade para jovens e menos jovens e um partido que tem lutado contra esse esp\u00edrito assistencialista, com armas desiguais, \u00e9 diabolizado na boca do Partido Socialista.<\/p>\n<p>O cumprimento das fun\u00e7\u00f5es de apoio aos cidad\u00e3os em situa\u00e7\u00e3o de desemprego, de doen\u00e7a, de incapacidade ou de pobreza faz parte da matriz social-democrata Portuguesa. Arrisco-me a dizer que est\u00e1 no ADN do PSD, mas n\u00e3o pela via da depend\u00eancia\u2026<\/p>\n<p>Os cidad\u00e3os n\u00e3o devem estar dependentes de se manterem de m\u00e3o estendida ao poder para conseguirem sobreviver. O estado, neste caso, o A\u00e7oriano, \u00e9 respons\u00e1vel por garantir que os cidad\u00e3os tem as suas necessidades atendidas, mas n\u00e3o por via de um favor.<\/p>\n<p>Um cidad\u00e3o, que recebe ajuda do governo regional, n\u00e3o recebe um favor. N\u00e3o tem de jurar lealdade a esse poder. O estado n\u00e3o faz mais do que a sua obriga\u00e7\u00e3o.<\/p>\n<p>Por tudo isto, os desejos de erradicar a pobreza, ainda este fim-de-semana, manchete num jornal regional, n\u00e3o passam de uma mentira. No dia em que o assistencialismo p\u00fablico terminar, termina tamb\u00e9m o reinado socialista nos A\u00e7ores.<\/p>\n","protected":false},"excerpt":{"rendered":"<p>O combate \u00e0 pobreza nos A\u00e7ores \u00e9 o caso t\u00edpico do mentiroso que come\u00e7a a acreditar na sua pr\u00f3pria mentira. Tanto o Governo Regional repete esse<span class=\"excerpt-hellip\"> [\u2026]<\/span><\/p>\n","protected":false},"author":1,"featured_media":3379,"comment_status":"open","ping_status":"open","sticky":false,"template":"","format":"image","meta":{"spay_email":"","footnotes":"","jetpack_publicize_message":"","jetpack_is_tweetstorm":false,"jetpack_publicize_feature_enabled":true},"categories":[16],"tags":[],"class_list":["post-5456","post","type-post","status-publish","format-image","has-post-thumbnail","hentry","category-opiniao","post_format-post-format-image"],"jetpack_featured_media_url":"https:\/\/i0.wp.com\/jsdacores.pt\/front\/wp-content\/uploads\/2017\/09\/Lu\u00eds-Pereira.png?fit=2500%2C900","jetpack_publicize_connections":[],"jetpack_sharing_enabled":true,"jetpack_shortlink":"https:\/\/wp.me\/p8wvZV-1q0","_links":{"self":[{"href":"http:\/\/jsdacores.pt\/front\/wp-json\/wp\/v2\/posts\/5456","targetHints":{"allow":["GET"]}}],"collection":[{"href":"http:\/\/jsdacores.pt\/front\/wp-json\/wp\/v2\/posts"}],"about":[{"href":"http:\/\/jsdacores.pt\/front\/wp-json\/wp\/v2\/types\/post"}],"author":[{"embeddable":true,"href":"http:\/\/jsdacores.pt\/front\/wp-json\/wp\/v2\/users\/1"}],"replies":[{"embeddable":true,"href":"http:\/\/jsdacores.pt\/front\/wp-json\/wp\/v2\/comments?post=5456"}],"version-history":[{"count":2,"href":"http:\/\/jsdacores.pt\/front\/wp-json\/wp\/v2\/posts\/5456\/revisions"}],"predecessor-version":[{"id":5458,"href":"http:\/\/jsdacores.pt\/front\/wp-json\/wp\/v2\/posts\/5456\/revisions\/5458"}],"wp:featuredmedia":[{"embeddable":true,"href":"http:\/\/jsdacores.pt\/front\/wp-json\/wp\/v2\/media\/3379"}],"wp:attachment":[{"href":"http:\/\/jsdacores.pt\/front\/wp-json\/wp\/v2\/media?parent=5456"}],"wp:term":[{"taxonomy":"category","embeddable":true,"href":"http:\/\/jsdacores.pt\/front\/wp-json\/wp\/v2\/categories?post=5456"},{"taxonomy":"post_tag","embeddable":true,"href":"http:\/\/jsdacores.pt\/front\/wp-json\/wp\/v2\/tags?post=5456"}],"curies":[{"name":"wp","href":"https:\/\/api.w.org\/{rel}","templated":true}]}}