{"id":5479,"date":"2019-05-10T13:36:20","date_gmt":"2019-05-10T13:36:20","guid":{"rendered":"http:\/\/jsdacores.pt\/front\/?p=5479"},"modified":"2019-05-10T13:43:15","modified_gmt":"2019-05-10T13:43:15","slug":"flavio-soares-define-como-inimigo-a-abstencao-nas-eleicoes-europeias","status":"publish","type":"post","link":"http:\/\/jsdacores.pt\/front\/news\/flavio-soares-define-como-inimigo-a-abstencao-nas-eleicoes-europeias\/","title":{"rendered":"Fl\u00e1vio Soares define como inimiga &#8220;a absten\u00e7\u00e3o nas elei\u00e7\u00f5es Europeias&#8221;"},"content":{"rendered":"<h4>Assumindo o &#8220;compromisso institucional da JSD\/A\u00e7ores&#8221; de continuar a contribuir para uma aproxima\u00e7\u00e3o dos jovens A\u00e7orianos com as institui\u00e7\u00f5es europeias durante o pr\u00f3ximo mandato do Parlamento Europeu, o presidente da estrutura jovem social-democrata, Fl\u00e1vio Soares, definiu como inimiga &#8220;a absten\u00e7\u00e3o&#8221;.<\/h4>\n<p>&#8220;Os donos das institui\u00e7\u00f5es s\u00e3o voc\u00eas. Nas pr\u00f3ximas elei\u00e7\u00f5es, temos de contribuir com a nossa opini\u00e3o, com a nossa escolha, sob pena de outros tomarem decis\u00f5es com as quais possamos n\u00e3o concordar&#8221; afirmou Fl\u00e1vio Soares, perante uma plateia de jovens, num encontro promovido pela JSD\/A\u00e7ores, e que contou tamb\u00e9m com o l\u00edder do PSD\/A\u00e7ores, Alexandre Gaud\u00eancio.<\/p>\n<p>Para o Presidente da JSD\/A\u00e7ores &#8220;n\u00e3o vos vou recomendar em quem votar, apelo-vos apenas que contribuam para diminuir as elevadas taxas de absten\u00e7\u00e3o que nos A\u00e7ores se registam quando falamos de elei\u00e7\u00f5es europeias&#8221;, classificando como uma vit\u00f3ria para a JSD\/A\u00e7ores, &#8220;um aumento da participa\u00e7\u00e3o dos jovens neste ato eleitoral&#8221;.<\/p>\n<p>Neste encontro com jovens n\u00e3o passaram ao lado os desafios da UE, como o radicalismo pol\u00edtico, que para Fl\u00e1vio Soares s\u00f3 &#8220;se resolve com a participa\u00e7\u00e3o dos cidad\u00e3os moderados&#8221;.<\/p>\n","protected":false},"excerpt":{"rendered":"<p>Assumindo o &#8220;compromisso institucional da JSD\/A\u00e7ores&#8221; de continuar a contribuir para uma aproxima\u00e7\u00e3o dos jovens A\u00e7orianos com as institui\u00e7\u00f5es europeias durante o pr\u00f3ximo mandato do Parlamento<span class=\"excerpt-hellip\"> [\u2026]<\/span><\/p>\n","protected":false},"author":1,"featured_media":5482,"comment_status":"open","ping_status":"open","sticky":false,"template":"","format":"image","meta":{"spay_email":"","footnotes":"","jetpack_publicize_message":"","jetpack_is_tweetstorm":false,"jetpack_publicize_feature_enabled":true},"categories":[11,25],"tags":[],"class_list":["post-5479","post","type-post","status-publish","format-image","has-post-thumbnail","hentry","category-news","category-presidente","post_format-post-format-image"],"jetpack_featured_media_url":"https:\/\/i0.wp.com\/jsdacores.pt\/front\/wp-content\/uploads\/2019\/05\/IMG_8449-c\u00f3pia.jpeg?fit=1335%2C927","jetpack_publicize_connections":[],"jetpack_sharing_enabled":true,"jetpack_shortlink":"https:\/\/wp.me\/p8wvZV-1qn","_links":{"self":[{"href":"http:\/\/jsdacores.pt\/front\/wp-json\/wp\/v2\/posts\/5479","targetHints":{"allow":["GET"]}}],"collection":[{"href":"http:\/\/jsdacores.pt\/front\/wp-json\/wp\/v2\/posts"}],"about":[{"href":"http:\/\/jsdacores.pt\/front\/wp-json\/wp\/v2\/types\/post"}],"author":[{"embeddable":true,"href":"http:\/\/jsdacores.pt\/front\/wp-json\/wp\/v2\/users\/1"}],"replies":[{"embeddable":true,"href":"http:\/\/jsdacores.pt\/front\/wp-json\/wp\/v2\/comments?post=5479"}],"version-history":[{"count":4,"href":"http:\/\/jsdacores.pt\/front\/wp-json\/wp\/v2\/posts\/5479\/revisions"}],"predecessor-version":[{"id":5484,"href":"http:\/\/jsdacores.pt\/front\/wp-json\/wp\/v2\/posts\/5479\/revisions\/5484"}],"wp:featuredmedia":[{"embeddable":true,"href":"http:\/\/jsdacores.pt\/front\/wp-json\/wp\/v2\/media\/5482"}],"wp:attachment":[{"href":"http:\/\/jsdacores.pt\/front\/wp-json\/wp\/v2\/media?parent=5479"}],"wp:term":[{"taxonomy":"category","embeddable":true,"href":"http:\/\/jsdacores.pt\/front\/wp-json\/wp\/v2\/categories?post=5479"},{"taxonomy":"post_tag","embeddable":true,"href":"http:\/\/jsdacores.pt\/front\/wp-json\/wp\/v2\/tags?post=5479"}],"curies":[{"name":"wp","href":"https:\/\/api.w.org\/{rel}","templated":true}]}}