{"id":5489,"date":"2019-05-20T10:00:27","date_gmt":"2019-05-20T10:00:27","guid":{"rendered":"http:\/\/jsdacores.pt\/front\/?p=5489"},"modified":"2019-05-20T10:00:27","modified_gmt":"2019-05-20T10:00:27","slug":"faial-e-a-ilha-anfitria-da-uv-acores-2019","status":"publish","type":"post","link":"http:\/\/jsdacores.pt\/front\/news\/faial-e-a-ilha-anfitria-da-uv-acores-2019\/","title":{"rendered":"Faial \u00e9 a ilha anfitri\u00e3 da UV A\u00e7ores 2019"},"content":{"rendered":"<h4>A ilha do Faial foi escolhida este fim-de-semana para acolher a Universidade de Ver\u00e3o A\u00e7ores 2019, depois da reuni\u00e3o do Conselho Regional da JSD\/A\u00e7ores que aprovou o regulamento daquela que \u00e9 a sexta edi\u00e7\u00e3o da maior escola de forma\u00e7\u00e3o pol\u00edtica dos A\u00e7ores.<\/h4>\n<p>Fl\u00e1vio Soares, Presidente da JSD\/A\u00e7ores, anunciou &#8220;com renovado orgulho nesta iniciativa&#8221; que a edi\u00e7\u00e3o da UV A\u00e7ores acontece na ilha do Faial, entre 29 de agosto e 1 de setembro &#8220;com um simbolismo especial por ser a ilha que acolhe a casa do poder auton\u00f3mico, a assembleia legislativa regional dos A\u00e7ores&#8221;.<\/p>\n<p>&#8220;Continuamos, nesta sexta edi\u00e7\u00e3o, a melhorar esta iniciativa com modifica\u00e7\u00f5es, por exemplo, ao n\u00edvel da sele\u00e7\u00e3o dos alunos e coordenadores&#8221; porque para Fl\u00e1vio Soares, a UV A\u00e7ores &#8220;tem sido cada vez mais uma bandeira da luta pela participa\u00e7\u00e3o c\u00edvica jovem, reconhecida publicamente pelos jovens A\u00e7orianos&#8221;.<\/p>\n<p>A partir de 1 de junho, no s\u00edtio da UV A\u00e7ores 2019, brevemente dispon\u00edvel, os candidatos \u00e0 turma e coordenadores desta nova edi\u00e7\u00e3o poder\u00e3o apresentar a sua candidatura online.<\/p>\n","protected":false},"excerpt":{"rendered":"<p>A ilha do Faial foi escolhida este fim-de-semana para acolher a Universidade de Ver\u00e3o A\u00e7ores 2019, depois da reuni\u00e3o do Conselho Regional da JSD\/A\u00e7ores que aprovou<span class=\"excerpt-hellip\"> [\u2026]<\/span><\/p>\n","protected":false},"author":1,"featured_media":5498,"comment_status":"open","ping_status":"open","sticky":false,"template":"","format":"image","meta":{"spay_email":"","footnotes":"","jetpack_publicize_message":"","jetpack_is_tweetstorm":false,"jetpack_publicize_feature_enabled":true},"categories":[11,22],"tags":[],"class_list":["post-5489","post","type-post","status-publish","format-image","has-post-thumbnail","hentry","category-news","category-uv-acores","post_format-post-format-image"],"jetpack_featured_media_url":"https:\/\/i0.wp.com\/jsdacores.pt\/front\/wp-content\/uploads\/2019\/05\/Anuncio-07-07.jpg?fit=5600%2C4025","jetpack_publicize_connections":[],"jetpack_sharing_enabled":true,"jetpack_shortlink":"https:\/\/wp.me\/p8wvZV-1qx","_links":{"self":[{"href":"http:\/\/jsdacores.pt\/front\/wp-json\/wp\/v2\/posts\/5489","targetHints":{"allow":["GET"]}}],"collection":[{"href":"http:\/\/jsdacores.pt\/front\/wp-json\/wp\/v2\/posts"}],"about":[{"href":"http:\/\/jsdacores.pt\/front\/wp-json\/wp\/v2\/types\/post"}],"author":[{"embeddable":true,"href":"http:\/\/jsdacores.pt\/front\/wp-json\/wp\/v2\/users\/1"}],"replies":[{"embeddable":true,"href":"http:\/\/jsdacores.pt\/front\/wp-json\/wp\/v2\/comments?post=5489"}],"version-history":[{"count":4,"href":"http:\/\/jsdacores.pt\/front\/wp-json\/wp\/v2\/posts\/5489\/revisions"}],"predecessor-version":[{"id":5500,"href":"http:\/\/jsdacores.pt\/front\/wp-json\/wp\/v2\/posts\/5489\/revisions\/5500"}],"wp:featuredmedia":[{"embeddable":true,"href":"http:\/\/jsdacores.pt\/front\/wp-json\/wp\/v2\/media\/5498"}],"wp:attachment":[{"href":"http:\/\/jsdacores.pt\/front\/wp-json\/wp\/v2\/media?parent=5489"}],"wp:term":[{"taxonomy":"category","embeddable":true,"href":"http:\/\/jsdacores.pt\/front\/wp-json\/wp\/v2\/categories?post=5489"},{"taxonomy":"post_tag","embeddable":true,"href":"http:\/\/jsdacores.pt\/front\/wp-json\/wp\/v2\/tags?post=5489"}],"curies":[{"name":"wp","href":"https:\/\/api.w.org\/{rel}","templated":true}]}}