{"id":5683,"date":"2019-07-24T15:05:32","date_gmt":"2019-07-24T15:05:32","guid":{"rendered":"http:\/\/jsdacores.pt\/front\/?p=5683"},"modified":"2019-07-24T15:05:59","modified_gmt":"2019-07-24T15:05:59","slug":"flavio-soares-apela-a-um-aumento-da-participacao-voluntaria-dos-nossos-jovens","status":"publish","type":"post","link":"http:\/\/jsdacores.pt\/front\/news\/flavio-soares-apela-a-um-aumento-da-participacao-voluntaria-dos-nossos-jovens\/","title":{"rendered":"Fl\u00e1vio Soares apela a um aumento da &#8220;participa\u00e7\u00e3o volunt\u00e1ria dos nossos jovens&#8221;"},"content":{"rendered":"<h4>O presidente da JSD\/A\u00e7ores defendeu hoje &#8220;uma maior participa\u00e7\u00e3o volunt\u00e1ria da juventude do arquip\u00e9lago em trabalho volunt\u00e1rio, que lhe dar\u00e1 uma nova vis\u00e3o da comunidade, com participa\u00e7\u00e3o integral na mesma e um ganho de compet\u00eancias que ser\u00e1 sempre \u00fatil nas suas atividades futuras&#8221;, disse.<\/h4>\n<p>Fl\u00e1vio Soares falava na sequ\u00eancia de uma visita \u00e0 Delega\u00e7\u00e3o de Angra do Hero\u00edsmo da Cruz Vermelha Portuguesa, &#8220;uma institui\u00e7\u00e3o din\u00e2mica, que definiu uma estrat\u00e9gia e \u00e1reas de atua\u00e7\u00e3o de forma a continuar a fazer aquilo a que sempre se prop\u00f4s: servir as popula\u00e7\u00f5es&#8221;, avan\u00e7ou.<\/p>\n<p>O dirigente, que na visita foi acompanhado pela candidata indicada pela JSD\/A\u00e7ores \u00e0 Rep\u00fablica, Vit\u00f3ria Silva, e pela vice-presidente do PSD\/Terceira, M\u00f3nica Seidi, ficou a conhecer &#8220;um trabalho que se baseia na complementaridade com outras institui\u00e7\u00f5es, que at\u00e9 ter\u00e3o miss\u00f5es semelhantes, mas visando projetos na \u00e1rea da Sa\u00fade que merecem toda a nossa aten\u00e7\u00e3o&#8221;, referiu.<\/p>\n<p>&#8220;Para que essas a\u00e7\u00f5es se tornem cada vez mais efetivas, s\u00e3o precisos mais volunt\u00e1rios. E penso que os jovens a\u00e7orianos est\u00e3o imbu\u00eddos desse esp\u00edrito solid\u00e1rio, pelo que fica o apelo a que se juntem a esta e a outras institui\u00e7\u00f5es&#8221;, disse Fl\u00e1vio Soares.<\/p>\n<p>&#8220;Com o exemplo da Cruz Vermelha, e da sua delega\u00e7\u00e3o em Angra do Hero\u00edsmo, podemos apontar um caminho de crescimento nas atividades benem\u00e9ritas da nossa juventude, e essa \u00e9 uma realidade que naturalmente defendemos&#8221;, concluiu.<\/p>\n","protected":false},"excerpt":{"rendered":"<p>O presidente da JSD\/A\u00e7ores defendeu hoje &#8220;uma maior participa\u00e7\u00e3o volunt\u00e1ria da juventude do arquip\u00e9lago em trabalho volunt\u00e1rio, que lhe dar\u00e1 uma nova vis\u00e3o da comunidade, com<span class=\"excerpt-hellip\"> [\u2026]<\/span><\/p>\n","protected":false},"author":1,"featured_media":5684,"comment_status":"open","ping_status":"open","sticky":false,"template":"","format":"image","meta":{"spay_email":"","footnotes":"","jetpack_publicize_message":"","jetpack_is_tweetstorm":false,"jetpack_publicize_feature_enabled":true},"categories":[11,25],"tags":[],"class_list":["post-5683","post","type-post","status-publish","format-image","has-post-thumbnail","hentry","category-news","category-presidente","post_format-post-format-image"],"jetpack_featured_media_url":"https:\/\/i0.wp.com\/jsdacores.pt\/front\/wp-content\/uploads\/2019\/07\/JSD-CruzVermelha-AH-20jul19-1.jpg?fit=2370%2C1807","jetpack_publicize_connections":[],"jetpack_sharing_enabled":true,"jetpack_shortlink":"https:\/\/wp.me\/p8wvZV-1tF","_links":{"self":[{"href":"http:\/\/jsdacores.pt\/front\/wp-json\/wp\/v2\/posts\/5683","targetHints":{"allow":["GET"]}}],"collection":[{"href":"http:\/\/jsdacores.pt\/front\/wp-json\/wp\/v2\/posts"}],"about":[{"href":"http:\/\/jsdacores.pt\/front\/wp-json\/wp\/v2\/types\/post"}],"author":[{"embeddable":true,"href":"http:\/\/jsdacores.pt\/front\/wp-json\/wp\/v2\/users\/1"}],"replies":[{"embeddable":true,"href":"http:\/\/jsdacores.pt\/front\/wp-json\/wp\/v2\/comments?post=5683"}],"version-history":[{"count":1,"href":"http:\/\/jsdacores.pt\/front\/wp-json\/wp\/v2\/posts\/5683\/revisions"}],"predecessor-version":[{"id":5685,"href":"http:\/\/jsdacores.pt\/front\/wp-json\/wp\/v2\/posts\/5683\/revisions\/5685"}],"wp:featuredmedia":[{"embeddable":true,"href":"http:\/\/jsdacores.pt\/front\/wp-json\/wp\/v2\/media\/5684"}],"wp:attachment":[{"href":"http:\/\/jsdacores.pt\/front\/wp-json\/wp\/v2\/media?parent=5683"}],"wp:term":[{"taxonomy":"category","embeddable":true,"href":"http:\/\/jsdacores.pt\/front\/wp-json\/wp\/v2\/categories?post=5683"},{"taxonomy":"post_tag","embeddable":true,"href":"http:\/\/jsdacores.pt\/front\/wp-json\/wp\/v2\/tags?post=5683"}],"curies":[{"name":"wp","href":"https:\/\/api.w.org\/{rel}","templated":true}]}}