{"id":5711,"date":"2019-08-14T17:42:24","date_gmt":"2019-08-14T17:42:24","guid":{"rendered":"http:\/\/jsdacores.pt\/front\/?p=5711"},"modified":"2019-08-14T17:42:24","modified_gmt":"2019-08-14T17:42:24","slug":"primeiro-os-acores-legislativas-2019","status":"publish","type":"post","link":"http:\/\/jsdacores.pt\/front\/multimedia\/primeiro-os-acores-legislativas-2019\/","title":{"rendered":"Primeiro os A\u00e7ores &#8211; Legislativas 2019"},"content":{"rendered":"<p>&nbsp;<\/p>\n\n\t\t\t<style type='text\/css'>\n\t\t\t\t#gallery-1 {\n\t\t\t\t\tmargin: auto;\n\t\t\t\t}\n\t\t\t\t#gallery-1 .gallery-item {\n\t\t\t\t\tfloat: left;\n\t\t\t\t\tmargin-top: 10px;\n\t\t\t\t\ttext-align: center;\n\t\t\t\t\twidth: 24.99%;\n\t\t\t\t}\n\t\t\t\t#gallery-1 img {\n\t\t\t\t\tborder: 2px solid #cfcfcf;\n\t\t\t\t}\n\t\t\t\t#gallery-1 .gallery-caption {\n\t\t\t\t\tmargin-left: 0;\n\t\t\t\t}\n\t\t\t\t\/* see gallery_shortcode() in wp-includes\/media.php *\/\n\t\t\t<\/style>\n\t\t<div data-carousel-extra='{\"blog_id\":1,\"permalink\":\"http:\\\/\\\/jsdacores.pt\\\/front\\\/multimedia\\\/primeiro-os-acores-legislativas-2019\\\/\"}' id='gallery-1' class='gallery galleryid-5711 gallery-columns-4 gallery-size-medium file'><dl class='gallery-item'>\n\t\t\t\t<dt class='gallery-icon landscape'>\n\t\t\t\t\t<a href='https:\/\/i0.wp.com\/jsdacores.pt\/front\/wp-content\/uploads\/2019\/08\/68298237_10158544193398238_3532861019028193280_o.jpg'><img loading=\"lazy\" decoding=\"async\" width=\"300\" height=\"200\" src=\"https:\/\/i0.wp.com\/jsdacores.pt\/front\/wp-content\/uploads\/2019\/08\/68298237_10158544193398238_3532861019028193280_o.jpg?fit=300%2C200\" class=\"attachment-medium size-medium\" alt=\"\" srcset=\"https:\/\/i0.wp.com\/jsdacores.pt\/front\/wp-content\/uploads\/2019\/08\/68298237_10158544193398238_3532861019028193280_o.jpg?w=2048 2048w, https:\/\/i0.wp.com\/jsdacores.pt\/front\/wp-content\/uploads\/2019\/08\/68298237_10158544193398238_3532861019028193280_o.jpg?resize=300%2C200 300w, https:\/\/i0.wp.com\/jsdacores.pt\/front\/wp-content\/uploads\/2019\/08\/68298237_10158544193398238_3532861019028193280_o.jpg?resize=768%2C513 768w, https:\/\/i0.wp.com\/jsdacores.pt\/front\/wp-content\/uploads\/2019\/08\/68298237_10158544193398238_3532861019028193280_o.jpg?resize=1024%2C684 1024w, https:\/\/i0.wp.com\/jsdacores.pt\/front\/wp-content\/uploads\/2019\/08\/68298237_10158544193398238_3532861019028193280_o.jpg?resize=219%2C146 219w, https:\/\/i0.wp.com\/jsdacores.pt\/front\/wp-content\/uploads\/2019\/08\/68298237_10158544193398238_3532861019028193280_o.jpg?resize=50%2C33 50w, https:\/\/i0.wp.com\/jsdacores.pt\/front\/wp-content\/uploads\/2019\/08\/68298237_10158544193398238_3532861019028193280_o.jpg?resize=112%2C75 112w\" sizes=\"auto, (max-width: 300px) 100vw, 300px\" data-attachment-id=\"5712\" data-permalink=\"http:\/\/jsdacores.pt\/front\/multimedia\/primeiro-os-acores-legislativas-2019\/attachment\/68298237_10158544193398238_3532861019028193280_o\/\" data-orig-file=\"https:\/\/i0.wp.com\/jsdacores.pt\/front\/wp-content\/uploads\/2019\/08\/68298237_10158544193398238_3532861019028193280_o.jpg?fit=2048%2C1367\" data-orig-size=\"2048,1367\" data-comments-opened=\"1\" data-image-meta=\"{&quot;aperture&quot;:&quot;0&quot;,&quot;credit&quot;:&quot;Pedro Carreiro E Silva&quot;,&quot;camera&quot;:&quot;&quot;,&quot;caption&quot;:&quot;&quot;,&quot;created_timestamp&quot;:&quot;0&quot;,&quot;copyright&quot;:&quot;Pedro Carreiro E Silva \\u00a9&quot;,&quot;focal_length&quot;:&quot;0&quot;,&quot;iso&quot;:&quot;0&quot;,&quot;shutter_speed&quot;:&quot;0&quot;,&quot;title&quot;:&quot;&quot;,&quot;orientation&quot;:&quot;0&quot;}\" data-image-title=\"68298237_10158544193398238_3532861019028193280_o\" data-image-description=\"\" data-image-caption=\"\" data-medium-file=\"https:\/\/i0.wp.com\/jsdacores.pt\/front\/wp-content\/uploads\/2019\/08\/68298237_10158544193398238_3532861019028193280_o.jpg?fit=300%2C200\" data-large-file=\"https:\/\/i0.wp.com\/jsdacores.pt\/front\/wp-content\/uploads\/2019\/08\/68298237_10158544193398238_3532861019028193280_o.jpg?fit=1024%2C684\" \/><\/a>\n\t\t\t\t<\/dt><\/dl><dl class='gallery-item'>\n\t\t\t\t<dt class='gallery-icon landscape'>\n\t\t\t\t\t<a href='https:\/\/i0.wp.com\/jsdacores.pt\/front\/wp-content\/uploads\/2019\/08\/68985573_10158544190258238_46625666749169664_o.jpg'><img loading=\"lazy\" decoding=\"async\" width=\"300\" height=\"200\" src=\"https:\/\/i0.wp.com\/jsdacores.pt\/front\/wp-content\/uploads\/2019\/08\/68985573_10158544190258238_46625666749169664_o.jpg?fit=300%2C200\" class=\"attachment-medium size-medium\" alt=\"\" srcset=\"https:\/\/i0.wp.com\/jsdacores.pt\/front\/wp-content\/uploads\/2019\/08\/68985573_10158544190258238_46625666749169664_o.jpg?w=2048 2048w, https:\/\/i0.wp.com\/jsdacores.pt\/front\/wp-content\/uploads\/2019\/08\/68985573_10158544190258238_46625666749169664_o.jpg?resize=300%2C200 300w, https:\/\/i0.wp.com\/jsdacores.pt\/front\/wp-content\/uploads\/2019\/08\/68985573_10158544190258238_46625666749169664_o.jpg?resize=768%2C511 768w, https:\/\/i0.wp.com\/jsdacores.pt\/front\/wp-content\/uploads\/2019\/08\/68985573_10158544190258238_46625666749169664_o.jpg?resize=1024%2C682 1024w, https:\/\/i0.wp.com\/jsdacores.pt\/front\/wp-content\/uploads\/2019\/08\/68985573_10158544190258238_46625666749169664_o.jpg?resize=219%2C146 219w, https:\/\/i0.wp.com\/jsdacores.pt\/front\/wp-content\/uploads\/2019\/08\/68985573_10158544190258238_46625666749169664_o.jpg?resize=50%2C33 50w, https:\/\/i0.wp.com\/jsdacores.pt\/front\/wp-content\/uploads\/2019\/08\/68985573_10158544190258238_46625666749169664_o.jpg?resize=113%2C75 113w\" sizes=\"auto, (max-width: 300px) 100vw, 300px\" data-attachment-id=\"5720\" data-permalink=\"http:\/\/jsdacores.pt\/front\/multimedia\/primeiro-os-acores-legislativas-2019\/attachment\/68985573_10158544190258238_46625666749169664_o\/\" data-orig-file=\"https:\/\/i0.wp.com\/jsdacores.pt\/front\/wp-content\/uploads\/2019\/08\/68985573_10158544190258238_46625666749169664_o.jpg?fit=2048%2C1363\" data-orig-size=\"2048,1363\" data-comments-opened=\"1\" data-image-meta=\"{&quot;aperture&quot;:&quot;0&quot;,&quot;credit&quot;:&quot;Pedro Carreiro E Silva&quot;,&quot;camera&quot;:&quot;&quot;,&quot;caption&quot;:&quot;&quot;,&quot;created_timestamp&quot;:&quot;0&quot;,&quot;copyright&quot;:&quot;Pedro Carreiro E Silva \\u00a9&quot;,&quot;focal_length&quot;:&quot;0&quot;,&quot;iso&quot;:&quot;0&quot;,&quot;shutter_speed&quot;:&quot;0&quot;,&quot;title&quot;:&quot;&quot;,&quot;orientation&quot;:&quot;0&quot;}\" data-image-title=\"68985573_10158544190258238_46625666749169664_o\" data-image-description=\"\" data-image-caption=\"\" data-medium-file=\"https:\/\/i0.wp.com\/jsdacores.pt\/front\/wp-content\/uploads\/2019\/08\/68985573_10158544190258238_46625666749169664_o.jpg?fit=300%2C200\" data-large-file=\"https:\/\/i0.wp.com\/jsdacores.pt\/front\/wp-content\/uploads\/2019\/08\/68985573_10158544190258238_46625666749169664_o.jpg?fit=1024%2C682\" \/><\/a>\n\t\t\t\t<\/dt><\/dl><dl class='gallery-item'>\n\t\t\t\t<dt class='gallery-icon landscape'>\n\t\t\t\t\t<a href='https:\/\/i0.wp.com\/jsdacores.pt\/front\/wp-content\/uploads\/2019\/08\/68810213_10158544191898238_5392713675037474816_o.jpg'><img loading=\"lazy\" decoding=\"async\" width=\"300\" height=\"200\" src=\"https:\/\/i0.wp.com\/jsdacores.pt\/front\/wp-content\/uploads\/2019\/08\/68810213_10158544191898238_5392713675037474816_o.jpg?fit=300%2C200\" class=\"attachment-medium size-medium\" alt=\"\" srcset=\"https:\/\/i0.wp.com\/jsdacores.pt\/front\/wp-content\/uploads\/2019\/08\/68810213_10158544191898238_5392713675037474816_o.jpg?w=2048 2048w, https:\/\/i0.wp.com\/jsdacores.pt\/front\/wp-content\/uploads\/2019\/08\/68810213_10158544191898238_5392713675037474816_o.jpg?resize=300%2C200 300w, https:\/\/i0.wp.com\/jsdacores.pt\/front\/wp-content\/uploads\/2019\/08\/68810213_10158544191898238_5392713675037474816_o.jpg?resize=768%2C511 768w, https:\/\/i0.wp.com\/jsdacores.pt\/front\/wp-content\/uploads\/2019\/08\/68810213_10158544191898238_5392713675037474816_o.jpg?resize=1024%2C681 1024w, https:\/\/i0.wp.com\/jsdacores.pt\/front\/wp-content\/uploads\/2019\/08\/68810213_10158544191898238_5392713675037474816_o.jpg?resize=220%2C146 220w, https:\/\/i0.wp.com\/jsdacores.pt\/front\/wp-content\/uploads\/2019\/08\/68810213_10158544191898238_5392713675037474816_o.jpg?resize=50%2C33 50w, https:\/\/i0.wp.com\/jsdacores.pt\/front\/wp-content\/uploads\/2019\/08\/68810213_10158544191898238_5392713675037474816_o.jpg?resize=113%2C75 113w\" sizes=\"auto, (max-width: 300px) 100vw, 300px\" data-attachment-id=\"5718\" data-permalink=\"http:\/\/jsdacores.pt\/front\/multimedia\/primeiro-os-acores-legislativas-2019\/attachment\/68810213_10158544191898238_5392713675037474816_o\/\" data-orig-file=\"https:\/\/i0.wp.com\/jsdacores.pt\/front\/wp-content\/uploads\/2019\/08\/68810213_10158544191898238_5392713675037474816_o.jpg?fit=2048%2C1362\" data-orig-size=\"2048,1362\" data-comments-opened=\"1\" data-image-meta=\"{&quot;aperture&quot;:&quot;0&quot;,&quot;credit&quot;:&quot;Pedro Carreiro E Silva&quot;,&quot;camera&quot;:&quot;&quot;,&quot;caption&quot;:&quot;&quot;,&quot;created_timestamp&quot;:&quot;0&quot;,&quot;copyright&quot;:&quot;Pedro Carreiro E Silva \\u00a9&quot;,&quot;focal_length&quot;:&quot;0&quot;,&quot;iso&quot;:&quot;0&quot;,&quot;shutter_speed&quot;:&quot;0&quot;,&quot;title&quot;:&quot;&quot;,&quot;orientation&quot;:&quot;0&quot;}\" data-image-title=\"68810213_10158544191898238_5392713675037474816_o\" data-image-description=\"\" data-image-caption=\"\" data-medium-file=\"https:\/\/i0.wp.com\/jsdacores.pt\/front\/wp-content\/uploads\/2019\/08\/68810213_10158544191898238_5392713675037474816_o.jpg?fit=300%2C200\" data-large-file=\"https:\/\/i0.wp.com\/jsdacores.pt\/front\/wp-content\/uploads\/2019\/08\/68810213_10158544191898238_5392713675037474816_o.jpg?fit=1024%2C681\" \/><\/a>\n\t\t\t\t<\/dt><\/dl><dl class='gallery-item'>\n\t\t\t\t<dt class='gallery-icon landscape'>\n\t\t\t\t\t<a href='https:\/\/i0.wp.com\/jsdacores.pt\/front\/wp-content\/uploads\/2019\/08\/68590369_10158544194668238_7502627006421401600_o.jpg'><img loading=\"lazy\" decoding=\"async\" width=\"300\" height=\"200\" src=\"https:\/\/i0.wp.com\/jsdacores.pt\/front\/wp-content\/uploads\/2019\/08\/68590369_10158544194668238_7502627006421401600_o.jpg?fit=300%2C200\" class=\"attachment-medium size-medium\" alt=\"\" srcset=\"https:\/\/i0.wp.com\/jsdacores.pt\/front\/wp-content\/uploads\/2019\/08\/68590369_10158544194668238_7502627006421401600_o.jpg?w=1979 1979w, https:\/\/i0.wp.com\/jsdacores.pt\/front\/wp-content\/uploads\/2019\/08\/68590369_10158544194668238_7502627006421401600_o.jpg?resize=300%2C200 300w, https:\/\/i0.wp.com\/jsdacores.pt\/front\/wp-content\/uploads\/2019\/08\/68590369_10158544194668238_7502627006421401600_o.jpg?resize=768%2C511 768w, https:\/\/i0.wp.com\/jsdacores.pt\/front\/wp-content\/uploads\/2019\/08\/68590369_10158544194668238_7502627006421401600_o.jpg?resize=1024%2C681 1024w, https:\/\/i0.wp.com\/jsdacores.pt\/front\/wp-content\/uploads\/2019\/08\/68590369_10158544194668238_7502627006421401600_o.jpg?resize=219%2C146 219w, https:\/\/i0.wp.com\/jsdacores.pt\/front\/wp-content\/uploads\/2019\/08\/68590369_10158544194668238_7502627006421401600_o.jpg?resize=50%2C33 50w, https:\/\/i0.wp.com\/jsdacores.pt\/front\/wp-content\/uploads\/2019\/08\/68590369_10158544194668238_7502627006421401600_o.jpg?resize=113%2C75 113w\" sizes=\"auto, (max-width: 300px) 100vw, 300px\" data-attachment-id=\"5715\" data-permalink=\"http:\/\/jsdacores.pt\/front\/multimedia\/primeiro-os-acores-legislativas-2019\/attachment\/68590369_10158544194668238_7502627006421401600_o\/\" data-orig-file=\"https:\/\/i0.wp.com\/jsdacores.pt\/front\/wp-content\/uploads\/2019\/08\/68590369_10158544194668238_7502627006421401600_o.jpg?fit=1979%2C1317\" data-orig-size=\"1979,1317\" data-comments-opened=\"1\" data-image-meta=\"{&quot;aperture&quot;:&quot;0&quot;,&quot;credit&quot;:&quot;Pedro Carreiro E Silva&quot;,&quot;camera&quot;:&quot;&quot;,&quot;caption&quot;:&quot;&quot;,&quot;created_timestamp&quot;:&quot;0&quot;,&quot;copyright&quot;:&quot;Pedro Carreiro E Silva \\u00a9&quot;,&quot;focal_length&quot;:&quot;0&quot;,&quot;iso&quot;:&quot;0&quot;,&quot;shutter_speed&quot;:&quot;0&quot;,&quot;title&quot;:&quot;&quot;,&quot;orientation&quot;:&quot;0&quot;}\" data-image-title=\"68590369_10158544194668238_7502627006421401600_o\" data-image-description=\"\" data-image-caption=\"\" data-medium-file=\"https:\/\/i0.wp.com\/jsdacores.pt\/front\/wp-content\/uploads\/2019\/08\/68590369_10158544194668238_7502627006421401600_o.jpg?fit=300%2C200\" data-large-file=\"https:\/\/i0.wp.com\/jsdacores.pt\/front\/wp-content\/uploads\/2019\/08\/68590369_10158544194668238_7502627006421401600_o.jpg?fit=1024%2C681\" \/><\/a>\n\t\t\t\t<\/dt><\/dl><br style=\"clear: both\" \/><dl class='gallery-item'>\n\t\t\t\t<dt class='gallery-icon landscape'>\n\t\t\t\t\t<a href='https:\/\/i0.wp.com\/jsdacores.pt\/front\/wp-content\/uploads\/2019\/08\/68547801_10158544198103238_4309384573499736064_o.jpg'><img loading=\"lazy\" decoding=\"async\" width=\"300\" height=\"200\" src=\"https:\/\/i0.wp.com\/jsdacores.pt\/front\/wp-content\/uploads\/2019\/08\/68547801_10158544198103238_4309384573499736064_o.jpg?fit=300%2C200\" class=\"attachment-medium size-medium\" alt=\"\" srcset=\"https:\/\/i0.wp.com\/jsdacores.pt\/front\/wp-content\/uploads\/2019\/08\/68547801_10158544198103238_4309384573499736064_o.jpg?w=1805 1805w, https:\/\/i0.wp.com\/jsdacores.pt\/front\/wp-content\/uploads\/2019\/08\/68547801_10158544198103238_4309384573499736064_o.jpg?resize=300%2C200 300w, https:\/\/i0.wp.com\/jsdacores.pt\/front\/wp-content\/uploads\/2019\/08\/68547801_10158544198103238_4309384573499736064_o.jpg?resize=768%2C513 768w, https:\/\/i0.wp.com\/jsdacores.pt\/front\/wp-content\/uploads\/2019\/08\/68547801_10158544198103238_4309384573499736064_o.jpg?resize=1024%2C684 1024w, https:\/\/i0.wp.com\/jsdacores.pt\/front\/wp-content\/uploads\/2019\/08\/68547801_10158544198103238_4309384573499736064_o.jpg?resize=219%2C146 219w, https:\/\/i0.wp.com\/jsdacores.pt\/front\/wp-content\/uploads\/2019\/08\/68547801_10158544198103238_4309384573499736064_o.jpg?resize=50%2C33 50w, https:\/\/i0.wp.com\/jsdacores.pt\/front\/wp-content\/uploads\/2019\/08\/68547801_10158544198103238_4309384573499736064_o.jpg?resize=112%2C75 112w\" sizes=\"auto, (max-width: 300px) 100vw, 300px\" data-attachment-id=\"5713\" data-permalink=\"http:\/\/jsdacores.pt\/front\/multimedia\/primeiro-os-acores-legislativas-2019\/attachment\/68547801_10158544198103238_4309384573499736064_o\/\" data-orig-file=\"https:\/\/i0.wp.com\/jsdacores.pt\/front\/wp-content\/uploads\/2019\/08\/68547801_10158544198103238_4309384573499736064_o.jpg?fit=1805%2C1205\" data-orig-size=\"1805,1205\" data-comments-opened=\"1\" data-image-meta=\"{&quot;aperture&quot;:&quot;0&quot;,&quot;credit&quot;:&quot;Pedro Carreiro E Silva&quot;,&quot;camera&quot;:&quot;&quot;,&quot;caption&quot;:&quot;&quot;,&quot;created_timestamp&quot;:&quot;0&quot;,&quot;copyright&quot;:&quot;Pedro Carreiro E Silva \\u00a9&quot;,&quot;focal_length&quot;:&quot;0&quot;,&quot;iso&quot;:&quot;0&quot;,&quot;shutter_speed&quot;:&quot;0&quot;,&quot;title&quot;:&quot;&quot;,&quot;orientation&quot;:&quot;0&quot;}\" data-image-title=\"68547801_10158544198103238_4309384573499736064_o\" data-image-description=\"\" data-image-caption=\"\" data-medium-file=\"https:\/\/i0.wp.com\/jsdacores.pt\/front\/wp-content\/uploads\/2019\/08\/68547801_10158544198103238_4309384573499736064_o.jpg?fit=300%2C200\" data-large-file=\"https:\/\/i0.wp.com\/jsdacores.pt\/front\/wp-content\/uploads\/2019\/08\/68547801_10158544198103238_4309384573499736064_o.jpg?fit=1024%2C684\" \/><\/a>\n\t\t\t\t<\/dt><\/dl><dl class='gallery-item'>\n\t\t\t\t<dt class='gallery-icon landscape'>\n\t\t\t\t\t<a href='https:\/\/i0.wp.com\/jsdacores.pt\/front\/wp-content\/uploads\/2019\/08\/68537201_10158544189133238_6681787957914894336_o.jpg'><img loading=\"lazy\" decoding=\"async\" width=\"300\" height=\"200\" src=\"https:\/\/i0.wp.com\/jsdacores.pt\/front\/wp-content\/uploads\/2019\/08\/68537201_10158544189133238_6681787957914894336_o.jpg?fit=300%2C200\" class=\"attachment-medium size-medium\" alt=\"\" srcset=\"https:\/\/i0.wp.com\/jsdacores.pt\/front\/wp-content\/uploads\/2019\/08\/68537201_10158544189133238_6681787957914894336_o.jpg?w=1947 1947w, https:\/\/i0.wp.com\/jsdacores.pt\/front\/wp-content\/uploads\/2019\/08\/68537201_10158544189133238_6681787957914894336_o.jpg?resize=300%2C200 300w, https:\/\/i0.wp.com\/jsdacores.pt\/front\/wp-content\/uploads\/2019\/08\/68537201_10158544189133238_6681787957914894336_o.jpg?resize=768%2C511 768w, https:\/\/i0.wp.com\/jsdacores.pt\/front\/wp-content\/uploads\/2019\/08\/68537201_10158544189133238_6681787957914894336_o.jpg?resize=1024%2C682 1024w, https:\/\/i0.wp.com\/jsdacores.pt\/front\/wp-content\/uploads\/2019\/08\/68537201_10158544189133238_6681787957914894336_o.jpg?resize=219%2C146 219w, https:\/\/i0.wp.com\/jsdacores.pt\/front\/wp-content\/uploads\/2019\/08\/68537201_10158544189133238_6681787957914894336_o.jpg?resize=50%2C33 50w, https:\/\/i0.wp.com\/jsdacores.pt\/front\/wp-content\/uploads\/2019\/08\/68537201_10158544189133238_6681787957914894336_o.jpg?resize=113%2C75 113w\" sizes=\"auto, (max-width: 300px) 100vw, 300px\" data-attachment-id=\"5719\" data-permalink=\"http:\/\/jsdacores.pt\/front\/multimedia\/primeiro-os-acores-legislativas-2019\/attachment\/68537201_10158544189133238_6681787957914894336_o\/\" data-orig-file=\"https:\/\/i0.wp.com\/jsdacores.pt\/front\/wp-content\/uploads\/2019\/08\/68537201_10158544189133238_6681787957914894336_o.jpg?fit=1947%2C1296\" data-orig-size=\"1947,1296\" data-comments-opened=\"1\" data-image-meta=\"{&quot;aperture&quot;:&quot;0&quot;,&quot;credit&quot;:&quot;Pedro Carreiro E Silva&quot;,&quot;camera&quot;:&quot;&quot;,&quot;caption&quot;:&quot;&quot;,&quot;created_timestamp&quot;:&quot;0&quot;,&quot;copyright&quot;:&quot;Pedro Carreiro E Silva \\u00a9&quot;,&quot;focal_length&quot;:&quot;0&quot;,&quot;iso&quot;:&quot;0&quot;,&quot;shutter_speed&quot;:&quot;0&quot;,&quot;title&quot;:&quot;&quot;,&quot;orientation&quot;:&quot;0&quot;}\" data-image-title=\"68537201_10158544189133238_6681787957914894336_o\" data-image-description=\"\" data-image-caption=\"\" data-medium-file=\"https:\/\/i0.wp.com\/jsdacores.pt\/front\/wp-content\/uploads\/2019\/08\/68537201_10158544189133238_6681787957914894336_o.jpg?fit=300%2C200\" data-large-file=\"https:\/\/i0.wp.com\/jsdacores.pt\/front\/wp-content\/uploads\/2019\/08\/68537201_10158544189133238_6681787957914894336_o.jpg?fit=1024%2C682\" \/><\/a>\n\t\t\t\t<\/dt><\/dl><dl class='gallery-item'>\n\t\t\t\t<dt class='gallery-icon landscape'>\n\t\t\t\t\t<a href='https:\/\/i0.wp.com\/jsdacores.pt\/front\/wp-content\/uploads\/2019\/08\/68356300_10158544194548238_8305277061702877184_o.jpg'><img loading=\"lazy\" decoding=\"async\" width=\"300\" height=\"200\" src=\"https:\/\/i0.wp.com\/jsdacores.pt\/front\/wp-content\/uploads\/2019\/08\/68356300_10158544194548238_8305277061702877184_o.jpg?fit=300%2C200\" class=\"attachment-medium size-medium\" alt=\"\" srcset=\"https:\/\/i0.wp.com\/jsdacores.pt\/front\/wp-content\/uploads\/2019\/08\/68356300_10158544194548238_8305277061702877184_o.jpg?w=2048 2048w, https:\/\/i0.wp.com\/jsdacores.pt\/front\/wp-content\/uploads\/2019\/08\/68356300_10158544194548238_8305277061702877184_o.jpg?resize=300%2C200 300w, https:\/\/i0.wp.com\/jsdacores.pt\/front\/wp-content\/uploads\/2019\/08\/68356300_10158544194548238_8305277061702877184_o.jpg?resize=768%2C511 768w, https:\/\/i0.wp.com\/jsdacores.pt\/front\/wp-content\/uploads\/2019\/08\/68356300_10158544194548238_8305277061702877184_o.jpg?resize=1024%2C681 1024w, https:\/\/i0.wp.com\/jsdacores.pt\/front\/wp-content\/uploads\/2019\/08\/68356300_10158544194548238_8305277061702877184_o.jpg?resize=220%2C146 220w, https:\/\/i0.wp.com\/jsdacores.pt\/front\/wp-content\/uploads\/2019\/08\/68356300_10158544194548238_8305277061702877184_o.jpg?resize=50%2C33 50w, https:\/\/i0.wp.com\/jsdacores.pt\/front\/wp-content\/uploads\/2019\/08\/68356300_10158544194548238_8305277061702877184_o.jpg?resize=113%2C75 113w\" sizes=\"auto, (max-width: 300px) 100vw, 300px\" data-attachment-id=\"5721\" data-permalink=\"http:\/\/jsdacores.pt\/front\/multimedia\/primeiro-os-acores-legislativas-2019\/attachment\/68356300_10158544194548238_8305277061702877184_o\/\" data-orig-file=\"https:\/\/i0.wp.com\/jsdacores.pt\/front\/wp-content\/uploads\/2019\/08\/68356300_10158544194548238_8305277061702877184_o.jpg?fit=2048%2C1362\" data-orig-size=\"2048,1362\" data-comments-opened=\"1\" data-image-meta=\"{&quot;aperture&quot;:&quot;0&quot;,&quot;credit&quot;:&quot;Pedro Carreiro E Silva&quot;,&quot;camera&quot;:&quot;&quot;,&quot;caption&quot;:&quot;&quot;,&quot;created_timestamp&quot;:&quot;0&quot;,&quot;copyright&quot;:&quot;Pedro Carreiro E Silva \\u00a9&quot;,&quot;focal_length&quot;:&quot;0&quot;,&quot;iso&quot;:&quot;0&quot;,&quot;shutter_speed&quot;:&quot;0&quot;,&quot;title&quot;:&quot;&quot;,&quot;orientation&quot;:&quot;0&quot;}\" data-image-title=\"68356300_10158544194548238_8305277061702877184_o\" data-image-description=\"\" data-image-caption=\"\" data-medium-file=\"https:\/\/i0.wp.com\/jsdacores.pt\/front\/wp-content\/uploads\/2019\/08\/68356300_10158544194548238_8305277061702877184_o.jpg?fit=300%2C200\" data-large-file=\"https:\/\/i0.wp.com\/jsdacores.pt\/front\/wp-content\/uploads\/2019\/08\/68356300_10158544194548238_8305277061702877184_o.jpg?fit=1024%2C681\" \/><\/a>\n\t\t\t\t<\/dt><\/dl><dl class='gallery-item'>\n\t\t\t\t<dt class='gallery-icon landscape'>\n\t\t\t\t\t<a href='https:\/\/i0.wp.com\/jsdacores.pt\/front\/wp-content\/uploads\/2019\/08\/69209708_10158544204538238_8191185172494811136_o.jpg'><img loading=\"lazy\" decoding=\"async\" width=\"300\" height=\"200\" src=\"https:\/\/i0.wp.com\/jsdacores.pt\/front\/wp-content\/uploads\/2019\/08\/69209708_10158544204538238_8191185172494811136_o.jpg?fit=300%2C200\" class=\"attachment-medium size-medium\" alt=\"\" srcset=\"https:\/\/i0.wp.com\/jsdacores.pt\/front\/wp-content\/uploads\/2019\/08\/69209708_10158544204538238_8191185172494811136_o.jpg?w=2048 2048w, https:\/\/i0.wp.com\/jsdacores.pt\/front\/wp-content\/uploads\/2019\/08\/69209708_10158544204538238_8191185172494811136_o.jpg?resize=300%2C200 300w, https:\/\/i0.wp.com\/jsdacores.pt\/front\/wp-content\/uploads\/2019\/08\/69209708_10158544204538238_8191185172494811136_o.jpg?resize=768%2C513 768w, https:\/\/i0.wp.com\/jsdacores.pt\/front\/wp-content\/uploads\/2019\/08\/69209708_10158544204538238_8191185172494811136_o.jpg?resize=1024%2C684 1024w, https:\/\/i0.wp.com\/jsdacores.pt\/front\/wp-content\/uploads\/2019\/08\/69209708_10158544204538238_8191185172494811136_o.jpg?resize=219%2C146 219w, https:\/\/i0.wp.com\/jsdacores.pt\/front\/wp-content\/uploads\/2019\/08\/69209708_10158544204538238_8191185172494811136_o.jpg?resize=50%2C33 50w, https:\/\/i0.wp.com\/jsdacores.pt\/front\/wp-content\/uploads\/2019\/08\/69209708_10158544204538238_8191185172494811136_o.jpg?resize=112%2C75 112w\" sizes=\"auto, (max-width: 300px) 100vw, 300px\" data-attachment-id=\"5717\" data-permalink=\"http:\/\/jsdacores.pt\/front\/multimedia\/primeiro-os-acores-legislativas-2019\/attachment\/69209708_10158544204538238_8191185172494811136_o\/\" data-orig-file=\"https:\/\/i0.wp.com\/jsdacores.pt\/front\/wp-content\/uploads\/2019\/08\/69209708_10158544204538238_8191185172494811136_o.jpg?fit=2048%2C1367\" data-orig-size=\"2048,1367\" data-comments-opened=\"1\" data-image-meta=\"{&quot;aperture&quot;:&quot;0&quot;,&quot;credit&quot;:&quot;Pedro Carreiro E Silva&quot;,&quot;camera&quot;:&quot;&quot;,&quot;caption&quot;:&quot;&quot;,&quot;created_timestamp&quot;:&quot;0&quot;,&quot;copyright&quot;:&quot;Pedro Carreiro E Silva \\u00a9&quot;,&quot;focal_length&quot;:&quot;0&quot;,&quot;iso&quot;:&quot;0&quot;,&quot;shutter_speed&quot;:&quot;0&quot;,&quot;title&quot;:&quot;&quot;,&quot;orientation&quot;:&quot;0&quot;}\" data-image-title=\"69209708_10158544204538238_8191185172494811136_o\" data-image-description=\"\" data-image-caption=\"\" data-medium-file=\"https:\/\/i0.wp.com\/jsdacores.pt\/front\/wp-content\/uploads\/2019\/08\/69209708_10158544204538238_8191185172494811136_o.jpg?fit=300%2C200\" data-large-file=\"https:\/\/i0.wp.com\/jsdacores.pt\/front\/wp-content\/uploads\/2019\/08\/69209708_10158544204538238_8191185172494811136_o.jpg?fit=1024%2C684\" \/><\/a>\n\t\t\t\t<\/dt><\/dl><br style=\"clear: both\" \/><dl class='gallery-item'>\n\t\t\t\t<dt class='gallery-icon landscape'>\n\t\t\t\t\t<a href='https:\/\/i0.wp.com\/jsdacores.pt\/front\/wp-content\/uploads\/2019\/08\/69378038_10158544187263238_8602121334069133312_o.jpg'><img loading=\"lazy\" decoding=\"async\" width=\"300\" height=\"200\" src=\"https:\/\/i0.wp.com\/jsdacores.pt\/front\/wp-content\/uploads\/2019\/08\/69378038_10158544187263238_8602121334069133312_o.jpg?fit=300%2C200\" class=\"attachment-medium size-medium\" alt=\"\" srcset=\"https:\/\/i0.wp.com\/jsdacores.pt\/front\/wp-content\/uploads\/2019\/08\/69378038_10158544187263238_8602121334069133312_o.jpg?w=2048 2048w, https:\/\/i0.wp.com\/jsdacores.pt\/front\/wp-content\/uploads\/2019\/08\/69378038_10158544187263238_8602121334069133312_o.jpg?resize=300%2C200 300w, https:\/\/i0.wp.com\/jsdacores.pt\/front\/wp-content\/uploads\/2019\/08\/69378038_10158544187263238_8602121334069133312_o.jpg?resize=768%2C513 768w, https:\/\/i0.wp.com\/jsdacores.pt\/front\/wp-content\/uploads\/2019\/08\/69378038_10158544187263238_8602121334069133312_o.jpg?resize=1024%2C684 1024w, https:\/\/i0.wp.com\/jsdacores.pt\/front\/wp-content\/uploads\/2019\/08\/69378038_10158544187263238_8602121334069133312_o.jpg?resize=219%2C146 219w, https:\/\/i0.wp.com\/jsdacores.pt\/front\/wp-content\/uploads\/2019\/08\/69378038_10158544187263238_8602121334069133312_o.jpg?resize=50%2C33 50w, https:\/\/i0.wp.com\/jsdacores.pt\/front\/wp-content\/uploads\/2019\/08\/69378038_10158544187263238_8602121334069133312_o.jpg?resize=112%2C75 112w\" sizes=\"auto, (max-width: 300px) 100vw, 300px\" data-attachment-id=\"5716\" data-permalink=\"http:\/\/jsdacores.pt\/front\/multimedia\/primeiro-os-acores-legislativas-2019\/attachment\/69378038_10158544187263238_8602121334069133312_o\/\" data-orig-file=\"https:\/\/i0.wp.com\/jsdacores.pt\/front\/wp-content\/uploads\/2019\/08\/69378038_10158544187263238_8602121334069133312_o.jpg?fit=2048%2C1367\" data-orig-size=\"2048,1367\" data-comments-opened=\"1\" data-image-meta=\"{&quot;aperture&quot;:&quot;0&quot;,&quot;credit&quot;:&quot;Pedro Carreiro E Silva&quot;,&quot;camera&quot;:&quot;&quot;,&quot;caption&quot;:&quot;&quot;,&quot;created_timestamp&quot;:&quot;0&quot;,&quot;copyright&quot;:&quot;Pedro Carreiro E Silva \\u00a9&quot;,&quot;focal_length&quot;:&quot;0&quot;,&quot;iso&quot;:&quot;0&quot;,&quot;shutter_speed&quot;:&quot;0&quot;,&quot;title&quot;:&quot;&quot;,&quot;orientation&quot;:&quot;0&quot;}\" data-image-title=\"69378038_10158544187263238_8602121334069133312_o\" data-image-description=\"\" data-image-caption=\"\" data-medium-file=\"https:\/\/i0.wp.com\/jsdacores.pt\/front\/wp-content\/uploads\/2019\/08\/69378038_10158544187263238_8602121334069133312_o.jpg?fit=300%2C200\" data-large-file=\"https:\/\/i0.wp.com\/jsdacores.pt\/front\/wp-content\/uploads\/2019\/08\/69378038_10158544187263238_8602121334069133312_o.jpg?fit=1024%2C684\" \/><\/a>\n\t\t\t\t<\/dt><\/dl><dl class='gallery-item'>\n\t\t\t\t<dt class='gallery-icon landscape'>\n\t\t\t\t\t<a href='https:\/\/i0.wp.com\/jsdacores.pt\/front\/wp-content\/uploads\/2019\/08\/68562007_10158544200953238_8630252944656171008_o.jpg'><img loading=\"lazy\" decoding=\"async\" width=\"300\" height=\"200\" src=\"https:\/\/i0.wp.com\/jsdacores.pt\/front\/wp-content\/uploads\/2019\/08\/68562007_10158544200953238_8630252944656171008_o.jpg?fit=300%2C200\" class=\"attachment-medium size-medium\" alt=\"\" srcset=\"https:\/\/i0.wp.com\/jsdacores.pt\/front\/wp-content\/uploads\/2019\/08\/68562007_10158544200953238_8630252944656171008_o.jpg?w=1963 1963w, https:\/\/i0.wp.com\/jsdacores.pt\/front\/wp-content\/uploads\/2019\/08\/68562007_10158544200953238_8630252944656171008_o.jpg?resize=300%2C200 300w, https:\/\/i0.wp.com\/jsdacores.pt\/front\/wp-content\/uploads\/2019\/08\/68562007_10158544200953238_8630252944656171008_o.jpg?resize=768%2C513 768w, https:\/\/i0.wp.com\/jsdacores.pt\/front\/wp-content\/uploads\/2019\/08\/68562007_10158544200953238_8630252944656171008_o.jpg?resize=1024%2C684 1024w, https:\/\/i0.wp.com\/jsdacores.pt\/front\/wp-content\/uploads\/2019\/08\/68562007_10158544200953238_8630252944656171008_o.jpg?resize=219%2C146 219w, https:\/\/i0.wp.com\/jsdacores.pt\/front\/wp-content\/uploads\/2019\/08\/68562007_10158544200953238_8630252944656171008_o.jpg?resize=50%2C33 50w, https:\/\/i0.wp.com\/jsdacores.pt\/front\/wp-content\/uploads\/2019\/08\/68562007_10158544200953238_8630252944656171008_o.jpg?resize=112%2C75 112w\" sizes=\"auto, (max-width: 300px) 100vw, 300px\" data-attachment-id=\"5714\" data-permalink=\"http:\/\/jsdacores.pt\/front\/multimedia\/primeiro-os-acores-legislativas-2019\/attachment\/68562007_10158544200953238_8630252944656171008_o\/\" data-orig-file=\"https:\/\/i0.wp.com\/jsdacores.pt\/front\/wp-content\/uploads\/2019\/08\/68562007_10158544200953238_8630252944656171008_o.jpg?fit=1963%2C1311\" data-orig-size=\"1963,1311\" data-comments-opened=\"1\" data-image-meta=\"{&quot;aperture&quot;:&quot;0&quot;,&quot;credit&quot;:&quot;Pedro Carreiro E Silva&quot;,&quot;camera&quot;:&quot;&quot;,&quot;caption&quot;:&quot;&quot;,&quot;created_timestamp&quot;:&quot;0&quot;,&quot;copyright&quot;:&quot;Pedro Carreiro E Silva \\u00a9&quot;,&quot;focal_length&quot;:&quot;0&quot;,&quot;iso&quot;:&quot;0&quot;,&quot;shutter_speed&quot;:&quot;0&quot;,&quot;title&quot;:&quot;&quot;,&quot;orientation&quot;:&quot;0&quot;}\" data-image-title=\"68562007_10158544200953238_8630252944656171008_o\" data-image-description=\"\" data-image-caption=\"\" data-medium-file=\"https:\/\/i0.wp.com\/jsdacores.pt\/front\/wp-content\/uploads\/2019\/08\/68562007_10158544200953238_8630252944656171008_o.jpg?fit=300%2C200\" data-large-file=\"https:\/\/i0.wp.com\/jsdacores.pt\/front\/wp-content\/uploads\/2019\/08\/68562007_10158544200953238_8630252944656171008_o.jpg?fit=1024%2C684\" \/><\/a>\n\t\t\t\t<\/dt><\/dl>\n\t\t\t\t<br style='clear: both' \/>\n\t\t\t<\/div>\n\n<p>Apresenta\u00e7\u00e3o da lista candidata do PSD\/A\u00e7ores \u00e0s elei\u00e7\u00f5es legislativas 2019, com a candidata da JSD\/A\u00e7ores, Vit\u00f3ria Silva e a vice-presidente da estrutura, Ana Cl\u00e1udia Ver\u00edssimo, a integrarem a lista.<\/p>\n","protected":false},"excerpt":{"rendered":"<p>&nbsp; Apresenta\u00e7\u00e3o da lista candidata do PSD\/A\u00e7ores \u00e0s elei\u00e7\u00f5es legislativas 2019, com a candidata da JSD\/A\u00e7ores, Vit\u00f3ria Silva e a vice-presidente da estrutura, Ana Cl\u00e1udia Ver\u00edssimo,<span class=\"excerpt-hellip\"> [\u2026]<\/span><\/p>\n","protected":false},"author":1,"featured_media":5715,"comment_status":"open","ping_status":"open","sticky":false,"template":"","format":"image","meta":{"spay_email":"","footnotes":"","jetpack_publicize_message":"","jetpack_is_tweetstorm":false,"jetpack_publicize_feature_enabled":true},"categories":[15],"tags":[],"class_list":["post-5711","post","type-post","status-publish","format-image","has-post-thumbnail","hentry","category-multimedia","post_format-post-format-image"],"jetpack_featured_media_url":"https:\/\/i0.wp.com\/jsdacores.pt\/front\/wp-content\/uploads\/2019\/08\/68590369_10158544194668238_7502627006421401600_o.jpg?fit=1979%2C1317","jetpack_publicize_connections":[],"jetpack_sharing_enabled":true,"jetpack_shortlink":"https:\/\/wp.me\/p8wvZV-1u7","_links":{"self":[{"href":"http:\/\/jsdacores.pt\/front\/wp-json\/wp\/v2\/posts\/5711","targetHints":{"allow":["GET"]}}],"collection":[{"href":"http:\/\/jsdacores.pt\/front\/wp-json\/wp\/v2\/posts"}],"about":[{"href":"http:\/\/jsdacores.pt\/front\/wp-json\/wp\/v2\/types\/post"}],"author":[{"embeddable":true,"href":"http:\/\/jsdacores.pt\/front\/wp-json\/wp\/v2\/users\/1"}],"replies":[{"embeddable":true,"href":"http:\/\/jsdacores.pt\/front\/wp-json\/wp\/v2\/comments?post=5711"}],"version-history":[{"count":1,"href":"http:\/\/jsdacores.pt\/front\/wp-json\/wp\/v2\/posts\/5711\/revisions"}],"predecessor-version":[{"id":5722,"href":"http:\/\/jsdacores.pt\/front\/wp-json\/wp\/v2\/posts\/5711\/revisions\/5722"}],"wp:featuredmedia":[{"embeddable":true,"href":"http:\/\/jsdacores.pt\/front\/wp-json\/wp\/v2\/media\/5715"}],"wp:attachment":[{"href":"http:\/\/jsdacores.pt\/front\/wp-json\/wp\/v2\/media?parent=5711"}],"wp:term":[{"taxonomy":"category","embeddable":true,"href":"http:\/\/jsdacores.pt\/front\/wp-json\/wp\/v2\/categories?post=5711"},{"taxonomy":"post_tag","embeddable":true,"href":"http:\/\/jsdacores.pt\/front\/wp-json\/wp\/v2\/tags?post=5711"}],"curies":[{"name":"wp","href":"https:\/\/api.w.org\/{rel}","templated":true}]}}