{"id":5766,"date":"2019-09-04T15:18:04","date_gmt":"2019-09-04T15:18:04","guid":{"rendered":"http:\/\/jsdacores.pt\/front\/?p=5766"},"modified":"2019-09-04T15:18:04","modified_gmt":"2019-09-04T15:18:04","slug":"flavio-soares-encoraja-o-gra-a-passar-mais-do-que-um-segundo-a-olhar-para-os-numeros-do-desemprego-jovem","status":"publish","type":"post","link":"http:\/\/jsdacores.pt\/front\/news\/flavio-soares-encoraja-o-gra-a-passar-mais-do-que-um-segundo-a-olhar-para-os-numeros-do-desemprego-jovem\/","title":{"rendered":"Fl\u00e1vio Soares encoraja o GRA &#8220;a passar mais do que um segundo a olhar para os n\u00fameros do desemprego jovem&#8221;"},"content":{"rendered":"<h4>O Presidente da JSD\/A\u00e7ores, Fl\u00e1vio Soares, encorajou hoje o Governo Regional \u201ca passar mais do que um segundo a olhar para os n\u00fameros do desemprego jovem, para que possam perceber a enorme incongru\u00eancia entre aquilo que apregoam e a realidade\u201d.<\/h4>\n<p>\u201cMesmo com os incont\u00e1veis programas, com nomes apelativos e objetivos escritos por romancistas, o desemprego jovem nos A\u00e7ores continua acima dos 30%. Significa que, mesmo com todo o dinheiro atirado a este flagelo, o GRA \u00e9 incapaz de melhorar a absor\u00e7\u00e3o de jovens pelo mercado de trabalho\u201d afirmou Fl\u00e1vio Soares, na rea\u00e7\u00e3o \u00e0 not\u00edcia, veiculada pelos \u00f3rg\u00e3os de comunica\u00e7\u00e3o social, do aumento da taxa de desemprego jovem em 9,4 pontos percentuais, para os 32,6%.<\/p>\n<p>Para o l\u00edder dos jovens sociais democratas \u201cter um ter\u00e7o dos jovens a\u00e7orianos em situa\u00e7\u00e3o de desemprego, e muitos outros em situa\u00e7\u00f5es de precariedade, deveria tirar o sono ao governo regional, no entanto, tudo o que temos visto s\u00e3o os respons\u00e1veis pol\u00edticos e partid\u00e1rios, alguns ligados a organiza\u00e7\u00f5es de juventude, a festejar o aumento do n\u00famero de jovens a necessitar de programas ocupacionais\u201d.<\/p>\n<p>Classificando este comportamento como \u201cuma enorme incongru\u00eancia\u201d, Fl\u00e1vio Soares afirmou que a JSD\/A\u00e7ores \u201ccontinuar\u00e1 a ser a voz de uma juventude revoltada, contra aqueles que se governam e n\u00e3o governam os A\u00e7ores\u201d.<\/p>\n","protected":false},"excerpt":{"rendered":"<p>O Presidente da JSD\/A\u00e7ores, Fl\u00e1vio Soares, encorajou hoje o Governo Regional \u201ca passar mais do que um segundo a olhar para os n\u00fameros do desemprego jovem,<span class=\"excerpt-hellip\"> [\u2026]<\/span><\/p>\n","protected":false},"author":1,"featured_media":5768,"comment_status":"open","ping_status":"open","sticky":false,"template":"","format":"image","meta":{"spay_email":"","footnotes":"","jetpack_publicize_message":"","jetpack_is_tweetstorm":false,"jetpack_publicize_feature_enabled":true},"categories":[11,25],"tags":[],"class_list":["post-5766","post","type-post","status-publish","format-image","has-post-thumbnail","hentry","category-news","category-presidente","post_format-post-format-image"],"jetpack_featured_media_url":"https:\/\/i0.wp.com\/jsdacores.pt\/front\/wp-content\/uploads\/2019\/09\/69527509_3524653770893811_3064734730797711360_n-1.png?fit=1074%2C900","jetpack_publicize_connections":[],"jetpack_sharing_enabled":true,"jetpack_shortlink":"https:\/\/wp.me\/p8wvZV-1v0","_links":{"self":[{"href":"http:\/\/jsdacores.pt\/front\/wp-json\/wp\/v2\/posts\/5766","targetHints":{"allow":["GET"]}}],"collection":[{"href":"http:\/\/jsdacores.pt\/front\/wp-json\/wp\/v2\/posts"}],"about":[{"href":"http:\/\/jsdacores.pt\/front\/wp-json\/wp\/v2\/types\/post"}],"author":[{"embeddable":true,"href":"http:\/\/jsdacores.pt\/front\/wp-json\/wp\/v2\/users\/1"}],"replies":[{"embeddable":true,"href":"http:\/\/jsdacores.pt\/front\/wp-json\/wp\/v2\/comments?post=5766"}],"version-history":[{"count":2,"href":"http:\/\/jsdacores.pt\/front\/wp-json\/wp\/v2\/posts\/5766\/revisions"}],"predecessor-version":[{"id":5770,"href":"http:\/\/jsdacores.pt\/front\/wp-json\/wp\/v2\/posts\/5766\/revisions\/5770"}],"wp:featuredmedia":[{"embeddable":true,"href":"http:\/\/jsdacores.pt\/front\/wp-json\/wp\/v2\/media\/5768"}],"wp:attachment":[{"href":"http:\/\/jsdacores.pt\/front\/wp-json\/wp\/v2\/media?parent=5766"}],"wp:term":[{"taxonomy":"category","embeddable":true,"href":"http:\/\/jsdacores.pt\/front\/wp-json\/wp\/v2\/categories?post=5766"},{"taxonomy":"post_tag","embeddable":true,"href":"http:\/\/jsdacores.pt\/front\/wp-json\/wp\/v2\/tags?post=5766"}],"curies":[{"name":"wp","href":"https:\/\/api.w.org\/{rel}","templated":true}]}}