{"id":5777,"date":"2019-09-11T10:49:41","date_gmt":"2019-09-11T10:49:41","guid":{"rendered":"http:\/\/jsdacores.pt\/front\/?p=5777"},"modified":"2019-09-11T11:05:06","modified_gmt":"2019-09-11T11:05:06","slug":"paulo-moniz-e-vitoria-silva-participam-no-evento-dois-dedos-de-conversa","status":"publish","type":"post","link":"http:\/\/jsdacores.pt\/front\/news\/paulo-moniz-e-vitoria-silva-participam-no-evento-dois-dedos-de-conversa\/","title":{"rendered":"Paulo Moniz e Vit\u00f3ria Silva participam no evento &#8220;Dois Dedos de Conversa&#8221;"},"content":{"rendered":"<h4>O cabe\u00e7a de lista do PSD\/A\u00e7ores, Paulo Moniz e a candidata da JSD\/A\u00e7ores, Vit\u00f3ria Silva, juntam-se \u00e0 volta da mesma mesa para debater as prioridades para a juventude A\u00e7oriana no pr\u00f3ximo mandato da Assembleia da Rep\u00fablica.<\/h4>\n<p>Num evento aberto a todos, no pr\u00f3ximo dia 16 de setembro, \u00e0s 18:30 na sede regional da JSD\/A\u00e7ores, em Ponta Delgada, os dois candidatos \u00e0s pr\u00f3ximas elei\u00e7\u00f5es legislativas falar\u00e3o de juventude e da proximidade com a pol\u00edtica e os pol\u00edticos.<\/p>\n<p>Eunice Pinheiro Sousa, mandat\u00e1ria jovem da candidatura, ir\u00e1 moderar o painel que junta experi\u00eancia e juventude, numa iniciativa intitulada &#8220;Dois Dedos de Conversa&#8221; numa alus\u00e3o ao s\u00edmbolo de vit\u00f3ria utilizado tradicionalmente pelo PSD.<\/p>\n<p>Paulo Moniz \u00e9 engenheiro eletrot\u00e9cnico e encabe\u00e7a a lista do PSD\/A\u00e7ores \u00e0s pr\u00f3ximas elei\u00e7\u00f5es legislativas. A candidata da JSD\/A\u00e7ores, Vit\u00f3ria Silva, enfermeira, do concelho da Praia da Vit\u00f3ria, integra a lista na quarta posi\u00e7\u00e3o.<\/p>\n","protected":false},"excerpt":{"rendered":"<p>O cabe\u00e7a de lista do PSD\/A\u00e7ores, Paulo Moniz e a candidata da JSD\/A\u00e7ores, Vit\u00f3ria Silva, juntam-se \u00e0 volta da mesma mesa para debater as prioridades para<span class=\"excerpt-hellip\"> [\u2026]<\/span><\/p>\n","protected":false},"author":1,"featured_media":5720,"comment_status":"open","ping_status":"open","sticky":false,"template":"","format":"image","meta":{"spay_email":"","footnotes":"","jetpack_publicize_message":"","jetpack_is_tweetstorm":false,"jetpack_publicize_feature_enabled":true},"categories":[11,32],"tags":[],"class_list":["post-5777","post","type-post","status-publish","format-image","has-post-thumbnail","hentry","category-news","category-legislativas-2019","post_format-post-format-image"],"jetpack_featured_media_url":"https:\/\/i0.wp.com\/jsdacores.pt\/front\/wp-content\/uploads\/2019\/08\/68985573_10158544190258238_46625666749169664_o.jpg?fit=2048%2C1363","jetpack_publicize_connections":[],"jetpack_sharing_enabled":true,"jetpack_shortlink":"https:\/\/wp.me\/p8wvZV-1vb","_links":{"self":[{"href":"http:\/\/jsdacores.pt\/front\/wp-json\/wp\/v2\/posts\/5777","targetHints":{"allow":["GET"]}}],"collection":[{"href":"http:\/\/jsdacores.pt\/front\/wp-json\/wp\/v2\/posts"}],"about":[{"href":"http:\/\/jsdacores.pt\/front\/wp-json\/wp\/v2\/types\/post"}],"author":[{"embeddable":true,"href":"http:\/\/jsdacores.pt\/front\/wp-json\/wp\/v2\/users\/1"}],"replies":[{"embeddable":true,"href":"http:\/\/jsdacores.pt\/front\/wp-json\/wp\/v2\/comments?post=5777"}],"version-history":[{"count":3,"href":"http:\/\/jsdacores.pt\/front\/wp-json\/wp\/v2\/posts\/5777\/revisions"}],"predecessor-version":[{"id":5781,"href":"http:\/\/jsdacores.pt\/front\/wp-json\/wp\/v2\/posts\/5777\/revisions\/5781"}],"wp:featuredmedia":[{"embeddable":true,"href":"http:\/\/jsdacores.pt\/front\/wp-json\/wp\/v2\/media\/5720"}],"wp:attachment":[{"href":"http:\/\/jsdacores.pt\/front\/wp-json\/wp\/v2\/media?parent=5777"}],"wp:term":[{"taxonomy":"category","embeddable":true,"href":"http:\/\/jsdacores.pt\/front\/wp-json\/wp\/v2\/categories?post=5777"},{"taxonomy":"post_tag","embeddable":true,"href":"http:\/\/jsdacores.pt\/front\/wp-json\/wp\/v2\/tags?post=5777"}],"curies":[{"name":"wp","href":"https:\/\/api.w.org\/{rel}","templated":true}]}}