{"id":5846,"date":"2019-10-03T15:01:31","date_gmt":"2019-10-03T15:01:31","guid":{"rendered":"http:\/\/jsdacores.pt\/front\/?p=5846"},"modified":"2019-10-03T15:01:46","modified_gmt":"2019-10-03T15:01:46","slug":"presidente-da-jsd-acores-agradece-o-trabalho-daqueles-que-estiveram-e-estao-na-ajuda-aos-acores","status":"publish","type":"post","link":"http:\/\/jsdacores.pt\/front\/news\/presidente-da-jsd-acores-agradece-o-trabalho-daqueles-que-estiveram-e-estao-na-ajuda-aos-acores\/","title":{"rendered":"Presidente da JSD\/A\u00e7ores agradece o trabalho daqueles que estiveram e est\u00e3o na ajuda aos A\u00e7orianos"},"content":{"rendered":"<h4>Na sequ\u00eancia da passagem do Furac\u00e3o Lorenzo pelos A\u00e7ores, que deixou fam\u00edlias desalojadas e elevados preju\u00edzos materiais, o presidente da JSD\/A\u00e7ores, Fl\u00e1vio Soares, emitiu uma mensagem de agradecimento \u00e0queles que estiveram e est\u00e3o no apoio aos A\u00e7orianos e de solidariedade \u00e0s v\u00edtimas da tempestade.<\/h4>\n<p>&#8220;Os A\u00e7orianos j\u00e1 viram as suas ilhas destru\u00eddas no passado, por sismos e vulc\u00f5es, mas s\u00e3o nestes momentos que nos lembramos que &#8220;nas veias corre-nos o basalto negro&#8221;.<\/p>\n<p>A JSD\/A\u00c7ORES agradece a todos os profissionais do SRPCBA, a todos os servi\u00e7os p\u00fablicos nacionais, regionais e locais pela ajuda aos A\u00e7orianos.<\/p>\n<p>Uma palavra de solidariedade e de apoio a todos os afetados.&#8221;<\/p>\n","protected":false},"excerpt":{"rendered":"<p>Na sequ\u00eancia da passagem do Furac\u00e3o Lorenzo pelos A\u00e7ores, que deixou fam\u00edlias desalojadas e elevados preju\u00edzos materiais, o presidente da JSD\/A\u00e7ores, Fl\u00e1vio Soares, emitiu uma mensagem<span class=\"excerpt-hellip\"> [\u2026]<\/span><\/p>\n","protected":false},"author":1,"featured_media":5847,"comment_status":"open","ping_status":"open","sticky":false,"template":"","format":"image","meta":{"spay_email":"","footnotes":"","jetpack_publicize_message":"","jetpack_is_tweetstorm":false,"jetpack_publicize_feature_enabled":true},"categories":[11,25],"tags":[],"class_list":["post-5846","post","type-post","status-publish","format-image","has-post-thumbnail","hentry","category-news","category-presidente","post_format-post-format-image"],"jetpack_featured_media_url":"https:\/\/i0.wp.com\/jsdacores.pt\/front\/wp-content\/uploads\/2019\/10\/Lorenzo-31.jpg?fit=1208%2C1208","jetpack_publicize_connections":[],"jetpack_sharing_enabled":true,"jetpack_shortlink":"https:\/\/wp.me\/p8wvZV-1wi","_links":{"self":[{"href":"http:\/\/jsdacores.pt\/front\/wp-json\/wp\/v2\/posts\/5846","targetHints":{"allow":["GET"]}}],"collection":[{"href":"http:\/\/jsdacores.pt\/front\/wp-json\/wp\/v2\/posts"}],"about":[{"href":"http:\/\/jsdacores.pt\/front\/wp-json\/wp\/v2\/types\/post"}],"author":[{"embeddable":true,"href":"http:\/\/jsdacores.pt\/front\/wp-json\/wp\/v2\/users\/1"}],"replies":[{"embeddable":true,"href":"http:\/\/jsdacores.pt\/front\/wp-json\/wp\/v2\/comments?post=5846"}],"version-history":[{"count":2,"href":"http:\/\/jsdacores.pt\/front\/wp-json\/wp\/v2\/posts\/5846\/revisions"}],"predecessor-version":[{"id":5849,"href":"http:\/\/jsdacores.pt\/front\/wp-json\/wp\/v2\/posts\/5846\/revisions\/5849"}],"wp:featuredmedia":[{"embeddable":true,"href":"http:\/\/jsdacores.pt\/front\/wp-json\/wp\/v2\/media\/5847"}],"wp:attachment":[{"href":"http:\/\/jsdacores.pt\/front\/wp-json\/wp\/v2\/media?parent=5846"}],"wp:term":[{"taxonomy":"category","embeddable":true,"href":"http:\/\/jsdacores.pt\/front\/wp-json\/wp\/v2\/categories?post=5846"},{"taxonomy":"post_tag","embeddable":true,"href":"http:\/\/jsdacores.pt\/front\/wp-json\/wp\/v2\/tags?post=5846"}],"curies":[{"name":"wp","href":"https:\/\/api.w.org\/{rel}","templated":true}]}}