{"id":6015,"date":"2020-04-01T21:36:47","date_gmt":"2020-04-01T21:36:47","guid":{"rendered":"http:\/\/jsdacores.pt\/front\/?p=6015"},"modified":"2020-04-01T21:36:47","modified_gmt":"2020-04-01T21:36:47","slug":"covid-19-jsd-acores-manifesta-preocupacao-com-estudantes-retidos-no-continente","status":"publish","type":"post","link":"http:\/\/jsdacores.pt\/front\/news\/covid-19-jsd-acores-manifesta-preocupacao-com-estudantes-retidos-no-continente\/","title":{"rendered":"COVID-19. JSD\/A\u00e7ores manifesta preocupa\u00e7\u00e3o com estudantes retidos no continente"},"content":{"rendered":"<h4>O presidente da JSD\/A\u00e7ores manifestou hoje preocupa\u00e7\u00e3o com os estudantes a\u00e7orianos retidos no continente devido \u00e0 pandemia da COVID-19, tendo apelado ao Governo Regional para que fa\u00e7a um \u201cacompanhamento eficiente\u201d da situa\u00e7\u00e3o.<\/h4>\n<p>\u201cO contexto pand\u00e9mico presente exige que, antes de serem tomadas medidas espec\u00edficas, seja necess\u00e1rio saber quantos estudantes a\u00e7orianos est\u00e3o deslocados, de que ilhas prov\u00eam e em que zona do pa\u00eds se encontram, para que se possa proceder a um acompanhamento eficiente dos alunos com o objetivo de que estes possam regressar \u00e0s ilhas de origem\u201d, afirmou Fl\u00e1vio Soares.<\/p>\n<p>O l\u00edder dos jovens social-democratas lembrou que estes estudantes a\u00e7orianos \u201ctiveram um comportamento respons\u00e1vel ao terem permanecido no continente nas \u00faltimas semanas em isolamento social, seguindo assim as orienta\u00e7\u00f5es das autoridades de sa\u00fade\u201d.<\/p>\n<p>\u201cA JSD entende que n\u00e3o pode ser negado a estes jovens o direito a regressarem aos A\u00e7ores, at\u00e9 porque a sua perman\u00eancia no continente, quando se antev\u00ea que ensino passe a ser feito \u00e0 dist\u00e2ncia, representa um custo acrescido para os or\u00e7amentos familiares, num momento de grande incerteza a n\u00edvel econ\u00f3mico\u201d, disse.<\/p>\n<p>Para Fl\u00e1vio Soares, \u201ccabe ao Governo Regional desenvolver todos os esfor\u00e7os necess\u00e1rios para acompanhar a situa\u00e7\u00e3o deste cada um destes jovens, de modo a que possa ser encontrada uma solu\u00e7\u00e3o segura para o regresso dos estudantes a\u00e7orianos retidos no continente\u201d.<\/p>\n<p>\u201cA JSD considera tamb\u00e9m fundamental que o Governo Regional d\u00ea resposta aos estudantes da Universidade dos A\u00e7ores retidos em S\u00e3o Miguel e Terceira e que s\u00e3o oriundos de outras ilhas\u201d, acrescentou.<\/p>\n","protected":false},"excerpt":{"rendered":"<p>O presidente da JSD\/A\u00e7ores manifestou hoje preocupa\u00e7\u00e3o com os estudantes a\u00e7orianos retidos no continente devido \u00e0 pandemia da COVID-19, tendo apelado ao Governo Regional para que<span class=\"excerpt-hellip\"> [\u2026]<\/span><\/p>\n","protected":false},"author":3,"featured_media":6017,"comment_status":"open","ping_status":"open","sticky":false,"template":"","format":"image","meta":{"spay_email":"","footnotes":"","jetpack_publicize_message":"","jetpack_is_tweetstorm":false,"jetpack_publicize_feature_enabled":true},"categories":[11],"tags":[],"class_list":["post-6015","post","type-post","status-publish","format-image","has-post-thumbnail","hentry","category-news","post_format-post-format-image"],"jetpack_featured_media_url":"https:\/\/i0.wp.com\/jsdacores.pt\/front\/wp-content\/uploads\/2020\/04\/88191380_4132630293429486_2083241889418444800_o.jpg?fit=1944%2C1296","jetpack_publicize_connections":[],"jetpack_sharing_enabled":true,"jetpack_shortlink":"https:\/\/wp.me\/p8wvZV-1z1","_links":{"self":[{"href":"http:\/\/jsdacores.pt\/front\/wp-json\/wp\/v2\/posts\/6015","targetHints":{"allow":["GET"]}}],"collection":[{"href":"http:\/\/jsdacores.pt\/front\/wp-json\/wp\/v2\/posts"}],"about":[{"href":"http:\/\/jsdacores.pt\/front\/wp-json\/wp\/v2\/types\/post"}],"author":[{"embeddable":true,"href":"http:\/\/jsdacores.pt\/front\/wp-json\/wp\/v2\/users\/3"}],"replies":[{"embeddable":true,"href":"http:\/\/jsdacores.pt\/front\/wp-json\/wp\/v2\/comments?post=6015"}],"version-history":[{"count":2,"href":"http:\/\/jsdacores.pt\/front\/wp-json\/wp\/v2\/posts\/6015\/revisions"}],"predecessor-version":[{"id":6024,"href":"http:\/\/jsdacores.pt\/front\/wp-json\/wp\/v2\/posts\/6015\/revisions\/6024"}],"wp:featuredmedia":[{"embeddable":true,"href":"http:\/\/jsdacores.pt\/front\/wp-json\/wp\/v2\/media\/6017"}],"wp:attachment":[{"href":"http:\/\/jsdacores.pt\/front\/wp-json\/wp\/v2\/media?parent=6015"}],"wp:term":[{"taxonomy":"category","embeddable":true,"href":"http:\/\/jsdacores.pt\/front\/wp-json\/wp\/v2\/categories?post=6015"},{"taxonomy":"post_tag","embeddable":true,"href":"http:\/\/jsdacores.pt\/front\/wp-json\/wp\/v2\/tags?post=6015"}],"curies":[{"name":"wp","href":"https:\/\/api.w.org\/{rel}","templated":true}]}}