{"id":6023,"date":"2020-04-09T19:02:06","date_gmt":"2020-04-09T19:02:06","guid":{"rendered":"http:\/\/jsdacores.pt\/front\/?p=6023"},"modified":"2020-04-27T15:36:53","modified_gmt":"2020-04-27T15:36:53","slug":"covid19-jsd-acores-indignada-com-resposta-insuficiente-aos-estudantes-deslocados","status":"publish","type":"post","link":"http:\/\/jsdacores.pt\/front\/news\/covid19-jsd-acores-indignada-com-resposta-insuficiente-aos-estudantes-deslocados\/","title":{"rendered":"Covid19. JSD A\u00e7ores indignada com resposta insuficiente aos estudantes deslocados"},"content":{"rendered":"<p><strong>Fl\u00e1vio Soares manifestou desagrado com as solu\u00e7\u00f5es apresentadas pelo Governo Regional para os estudantes a\u00e7orianos deslocados no continente. \u201cEnquanto continuam a chegar n\u00e3o residentes \u00e0 Regi\u00e3o, tendo at\u00e9 j\u00e1 sido registado um caso infetado a viajar para Ponta Delgada, h\u00e1 estudantes a\u00e7orianos que ainda n\u00e3o conseguiram regressar a casa\u201d, criticou o l\u00edder da JSD A\u00e7ores.<\/strong><\/p>\n<p>Fl\u00e1vio Soares recordou o an\u00fancio feito pelo primeiro-ministro de que apenas os alunos do 11.\u00ba e do 12.\u00ba ano poder\u00e3o eventualmente voltar a ter aulas presenciais em maio, e que alguns estabelecimentos de ensino j\u00e1 anunciaram o fim presencial das aulas para este ano letivo. \u201cComo \u00e9 que, em circunst\u00e2ncias de elevada exig\u00eancia, o Governo Regional pede aos a\u00e7orianos para ficarem no continente? Como \u00e9 que s\u00f3 admite voltar a reavaliar a situa\u00e7\u00e3o a 30 de abril?\u201d, questionou.<\/p>\n<p>\u201cOs estudantes apenas teriam que viajar para uma das ilhas com voos de liga\u00e7\u00e3o ao continente e, posteriormente, os alunos das restantes ilhas, seriam reencaminhados, em regime de exce\u00e7\u00e3o, pela SATA Air A\u00e7ores, que \u00e9 a companhia a\u00e9rea do Governo Regional e de todos os A\u00e7orianos\u201d, come\u00e7ou por sugerir o social-democrata. \u201cO Governo Regional diz garantir unidades hoteleiras a quem chega a S\u00e3o Miguel e \u00e0 Terceira para a realiza\u00e7\u00e3o da quarentena \u2013 a garantia s\u00f3 tinha que se repercutir nas restantes ilhas. \u00a0Em qualquer um dos casos respeitavam o per\u00edodo de quarentena nas ilhas de origem, sendo posteriormente submetidos a testes de despiste do Covid19\u201d, prop\u00f4s o l\u00edder da Juventude Social Democrata.<\/p>\n<p>O mesmo aconteceria com os alunos a\u00e7orianos que se encontram a estudar na Universidade dos A\u00e7ores, explicou. \u201cAqueles que n\u00e3o s\u00e3o das ilhas que registam polos da Universidade seriam, tamb\u00e9m no mesmo regime de exce\u00e7\u00e3o, reencaminhados para as suas ilhas\u201d. \u00a0\u201cO Governo Regional deve garantir a equidade entre todos os a\u00e7orianos; n\u00e3o pode haver tratamento diferenciado dentro da Regi\u00e3o\u201d, real\u00e7ou Fl\u00e1vio Soares.<\/p>\n<p>Um grupo de jovens estudantes a\u00e7orianos deslocados j\u00e1 fez chegar uma carta ao Governo Regional a pedir agilidade e celeridade na resolu\u00e7\u00e3o do problema, mas n\u00e3o obteve a resposta pretendida. \u201cNa altura em que o Governo lhes pediu para ficarem onde estavam, os nossos estudantes ouviram e cumpriram; agora que eles lhes pedem para voltar, o Governo n\u00e3o os ouve\u201d, criticou.<\/p>\n<p>Foi disponibilizado apoio financeiro aos estudantes que pretendem ficar no continente, \u201cmas o Governo n\u00e3o menciona a materializa\u00e7\u00e3o do apoio; como e quando ser\u00e1 feito; nem se ter\u00e1 em conta o tempo decorrido desde a primeira vez que pediram aos nossos estudantes para se manterem no continente\u201d. \u201cH\u00e1 muitas perguntas que carecem de resposta\u201d, finalizou Fl\u00e1vio Soares.<\/p>\n","protected":false},"excerpt":{"rendered":"<p>Fl\u00e1vio Soares manifestou desagrado com as solu\u00e7\u00f5es apresentadas pelo Governo Regional para os estudantes a\u00e7orianos deslocados no continente. \u201cEnquanto continuam a chegar n\u00e3o residentes \u00e0 Regi\u00e3o,<span class=\"excerpt-hellip\"> [\u2026]<\/span><\/p>\n","protected":false},"author":3,"featured_media":6027,"comment_status":"open","ping_status":"open","sticky":false,"template":"","format":"image","meta":{"spay_email":"","footnotes":"","jetpack_publicize_message":"","jetpack_is_tweetstorm":false,"jetpack_publicize_feature_enabled":true},"categories":[11],"tags":[],"class_list":["post-6023","post","type-post","status-publish","format-image","has-post-thumbnail","hentry","category-news","post_format-post-format-image"],"jetpack_featured_media_url":"https:\/\/i0.wp.com\/jsdacores.pt\/front\/wp-content\/uploads\/2020\/04\/WhatsApp-Image-2020-04-09-at-18.54.32.jpeg?fit=1920%2C1280","jetpack_publicize_connections":[],"jetpack_sharing_enabled":true,"jetpack_shortlink":"https:\/\/wp.me\/p8wvZV-1z9","_links":{"self":[{"href":"http:\/\/jsdacores.pt\/front\/wp-json\/wp\/v2\/posts\/6023","targetHints":{"allow":["GET"]}}],"collection":[{"href":"http:\/\/jsdacores.pt\/front\/wp-json\/wp\/v2\/posts"}],"about":[{"href":"http:\/\/jsdacores.pt\/front\/wp-json\/wp\/v2\/types\/post"}],"author":[{"embeddable":true,"href":"http:\/\/jsdacores.pt\/front\/wp-json\/wp\/v2\/users\/3"}],"replies":[{"embeddable":true,"href":"http:\/\/jsdacores.pt\/front\/wp-json\/wp\/v2\/comments?post=6023"}],"version-history":[{"count":6,"href":"http:\/\/jsdacores.pt\/front\/wp-json\/wp\/v2\/posts\/6023\/revisions"}],"predecessor-version":[{"id":6028,"href":"http:\/\/jsdacores.pt\/front\/wp-json\/wp\/v2\/posts\/6023\/revisions\/6028"}],"wp:featuredmedia":[{"embeddable":true,"href":"http:\/\/jsdacores.pt\/front\/wp-json\/wp\/v2\/media\/6027"}],"wp:attachment":[{"href":"http:\/\/jsdacores.pt\/front\/wp-json\/wp\/v2\/media?parent=6023"}],"wp:term":[{"taxonomy":"category","embeddable":true,"href":"http:\/\/jsdacores.pt\/front\/wp-json\/wp\/v2\/categories?post=6023"},{"taxonomy":"post_tag","embeddable":true,"href":"http:\/\/jsdacores.pt\/front\/wp-json\/wp\/v2\/tags?post=6023"}],"curies":[{"name":"wp","href":"https:\/\/api.w.org\/{rel}","templated":true}]}}