{"id":6043,"date":"2020-04-30T21:00:39","date_gmt":"2020-04-30T21:00:39","guid":{"rendered":"http:\/\/jsdacores.pt\/front\/?p=6043"},"modified":"2020-04-30T20:07:23","modified_gmt":"2020-04-30T20:07:23","slug":"covid-19-jsd-acores-lanca-inquerito-sobre-ensino-a-distancia","status":"publish","type":"post","link":"http:\/\/jsdacores.pt\/front\/news\/covid-19-jsd-acores-lanca-inquerito-sobre-ensino-a-distancia\/","title":{"rendered":"COVID-19. JSD A\u00e7ores lan\u00e7a inqu\u00e9rito sobre ensino \u00e0 dist\u00e2ncia"},"content":{"rendered":"<h4>A JSD A\u00e7ores lan\u00e7ou um <a href=\"https:\/\/forms.gle\/jwZbtmysXUWmWisQ9\">inqu\u00e9rito online<\/a> aos alunos do ensino superior sobre o ensino \u00e0 dist\u00e2ncia durante a pandemia da COVID-19, esta quinta-feira, 30 de abril. O inqu\u00e9rito foi elaborado pelo gabinete do ensino superior da JSD A\u00e7ores.<\/h4>\n<p>Com este inqu\u00e9rito, \u201ca JSD A\u00e7ores pretende conhecer a experi\u00eancia dos alunos em rela\u00e7\u00e3o ao ensino \u00e0 dist\u00e2ncia; saber se as Universidades j\u00e1 cancelaram as aulas presenciais para este ano letivo; quais as condi\u00e7\u00f5es de estudo dos estudantes, se t\u00eam computador pr\u00f3prio e boa liga\u00e7\u00e3o \u00e0 internet, por exemplo\u201d, explicou Fl\u00e1vio Soares.<\/p>\n<p>Recorde-se que a JSD A\u00e7ores j\u00e1 tinha manifestado preocupa\u00e7\u00e3o com os estudantes a\u00e7orianos retidos no continente devido \u00e0 pandemia da COVID-19. \u201cContinuamos a pedir que o acompanhamento se materialize e se estenda a quem j\u00e1 est\u00e1 c\u00e1\u201d, frisou o presidente da JSD A\u00e7ores.<\/p>\n<p>Para o l\u00edder da Juventude Social Democrata, \u201cimporta ter real conhecimento das condi\u00e7\u00f5es dos alunos, das suas experi\u00eancias em rela\u00e7\u00e3o aos m\u00e9todos adotados, para se conseguir criar medidas eficazes e que v\u00e3o ao encontro das preocupa\u00e7\u00f5es reais dos jovens a\u00e7orianos\u201d.<\/p>\n<p>\u201cMais do que perceber a realidade atual e efetiva dos estudantes, este inqu\u00e9rito servir\u00e1 para, tamb\u00e9m, conseguirmos perceber o que est\u00e1 a falhar no modelo adotado, e assim planear de forma estruturada o pr\u00f3ximo ano letivo, sem replicar os erros cometidos\u201d, finalizou Fl\u00e1vio Soares.<\/p>\n","protected":false},"excerpt":{"rendered":"<p>A JSD A\u00e7ores lan\u00e7ou um inqu\u00e9rito online aos alunos do ensino superior sobre o ensino \u00e0 dist\u00e2ncia durante a pandemia da COVID-19, esta quinta-feira, 30 de<span class=\"excerpt-hellip\"> [\u2026]<\/span><\/p>\n","protected":false},"author":3,"featured_media":6010,"comment_status":"open","ping_status":"open","sticky":false,"template":"","format":"image","meta":{"spay_email":"","footnotes":"","jetpack_publicize_message":"","jetpack_is_tweetstorm":false,"jetpack_publicize_feature_enabled":true},"categories":[11],"tags":[],"class_list":["post-6043","post","type-post","status-publish","format-image","has-post-thumbnail","hentry","category-news","post_format-post-format-image"],"jetpack_featured_media_url":"https:\/\/i0.wp.com\/jsdacores.pt\/front\/wp-content\/uploads\/2020\/03\/cpr-jsd.jpg?fit=1944%2C1296","jetpack_publicize_connections":[],"jetpack_sharing_enabled":true,"jetpack_shortlink":"https:\/\/wp.me\/p8wvZV-1zt","_links":{"self":[{"href":"http:\/\/jsdacores.pt\/front\/wp-json\/wp\/v2\/posts\/6043","targetHints":{"allow":["GET"]}}],"collection":[{"href":"http:\/\/jsdacores.pt\/front\/wp-json\/wp\/v2\/posts"}],"about":[{"href":"http:\/\/jsdacores.pt\/front\/wp-json\/wp\/v2\/types\/post"}],"author":[{"embeddable":true,"href":"http:\/\/jsdacores.pt\/front\/wp-json\/wp\/v2\/users\/3"}],"replies":[{"embeddable":true,"href":"http:\/\/jsdacores.pt\/front\/wp-json\/wp\/v2\/comments?post=6043"}],"version-history":[{"count":3,"href":"http:\/\/jsdacores.pt\/front\/wp-json\/wp\/v2\/posts\/6043\/revisions"}],"predecessor-version":[{"id":6046,"href":"http:\/\/jsdacores.pt\/front\/wp-json\/wp\/v2\/posts\/6043\/revisions\/6046"}],"wp:featuredmedia":[{"embeddable":true,"href":"http:\/\/jsdacores.pt\/front\/wp-json\/wp\/v2\/media\/6010"}],"wp:attachment":[{"href":"http:\/\/jsdacores.pt\/front\/wp-json\/wp\/v2\/media?parent=6043"}],"wp:term":[{"taxonomy":"category","embeddable":true,"href":"http:\/\/jsdacores.pt\/front\/wp-json\/wp\/v2\/categories?post=6043"},{"taxonomy":"post_tag","embeddable":true,"href":"http:\/\/jsdacores.pt\/front\/wp-json\/wp\/v2\/tags?post=6043"}],"curies":[{"name":"wp","href":"https:\/\/api.w.org\/{rel}","templated":true}]}}