{"id":6059,"date":"2020-05-27T12:03:25","date_gmt":"2020-05-27T12:03:25","guid":{"rendered":"http:\/\/jsdacores.pt\/front\/?p=6059"},"modified":"2020-05-27T12:12:29","modified_gmt":"2020-05-27T12:12:29","slug":"jsd-exige-ao-governo-da-republica-solucao-para-os-estudantes-acorianos-do-ensino-superior","status":"publish","type":"post","link":"http:\/\/jsdacores.pt\/front\/news\/jsd-exige-ao-governo-da-republica-solucao-para-os-estudantes-acorianos-do-ensino-superior\/","title":{"rendered":"COVID-19. JSD exige ao Governo da Rep\u00fablica solu\u00e7\u00e3o para os estudantes a\u00e7orianos do Ensino Superior"},"content":{"rendered":"<h4>A JSD A\u00e7ores est\u00e1 a acompanhar com preocupa\u00e7\u00e3o a situa\u00e7\u00e3o dos estudantes a\u00e7orianos e matriculados em Institui\u00e7\u00f5es de Ensino Superior do continente, \u201cque se encontram atualmente na Regi\u00e3o Aut\u00f3noma, e que t\u00eam de apresentar nas escolas para realizar exames presenciais\u201d, explicou Fl\u00e1vio Soares.<\/h4>\n<p>A JSD Nacional, em articula\u00e7\u00e3o com a JSD A\u00e7ores e com a JSD Madeira, questionou o Governo da Rep\u00fablica, na tarde desta ter\u00e7a-feira, 26 de maio, durante a Comiss\u00e3o de Educa\u00e7\u00e3o, Ci\u00eancia, Juventude e Desporto, sobre a situa\u00e7\u00e3o dos alunos a\u00e7orianos e madeirenses do ensino superior. \u201cEsta \u00e9 uma situa\u00e7\u00e3o para a qual o Governo tem deliberadamente fechado os olhos\u201d, criticou a presidente da JSD Nacional. \u201cLembramos que o princ\u00edpio da continuidade territorial que consta dos respetivos Estatutos Pol\u00edtico-Administrativos das duas Regi\u00f5es Aut\u00f3nomas imp\u00f5e que seja dada uma resposta por parte do Minist\u00e9rio da Ci\u00eancia, Tecnologia e Ensino Superior, explicou Margarida Balseiro Lopes.<\/p>\n<p>Recorde-se que os alunos deparam-se com a obrigatoriedade de se apresentarem para realizar exames presenciais na Institui\u00e7\u00e3o de Ensino que frequentam, n\u00e3o conseguindo, ao mesmo tempo deslocar-se da sua ilha, devido \u00e0s restri\u00e7\u00f5es impostas no \u00e2mbito da pandemia.<\/p>\n<p>Para a JSD, \u201co Senhor Ministro n\u00e3o pode continuar a justificar a sua ina\u00e7\u00e3o com a desculpa da autonomia respons\u00e1vel, uma vez que isso coloca em causa a igualdade entre alunos do Ensino Superior e constitui uma situa\u00e7\u00e3o de grave discrimina\u00e7\u00e3o dos estudantes insulares dos A\u00e7ores e Madeira\u201d.<\/p>\n<p>Para Margarida Balseiro Lopes, Presidente da JSD nacional, a situa\u00e7\u00e3o \u201ctem de ser solucionada, sob pena de criar uma situa\u00e7\u00e3o de profunda desigualdade que prejudica injustificadamente os estudantes das Regi\u00f5es Aut\u00f3nomas\u201d.<\/p>\n","protected":false},"excerpt":{"rendered":"<p>A JSD A\u00e7ores est\u00e1 a acompanhar com preocupa\u00e7\u00e3o a situa\u00e7\u00e3o dos estudantes a\u00e7orianos e matriculados em Institui\u00e7\u00f5es de Ensino Superior do continente, \u201cque se encontram atualmente<span class=\"excerpt-hellip\"> [\u2026]<\/span><\/p>\n","protected":false},"author":3,"featured_media":5917,"comment_status":"open","ping_status":"open","sticky":false,"template":"","format":"image","meta":{"spay_email":"","footnotes":"","jetpack_publicize_message":"","jetpack_is_tweetstorm":false,"jetpack_publicize_feature_enabled":true},"categories":[11],"tags":[],"class_list":["post-6059","post","type-post","status-publish","format-image","has-post-thumbnail","hentry","category-news","post_format-post-format-image"],"jetpack_featured_media_url":"https:\/\/i0.wp.com\/jsdacores.pt\/front\/wp-content\/uploads\/2019\/11\/IMG_6660.jpg?fit=1199%2C800","jetpack_publicize_connections":[],"jetpack_sharing_enabled":true,"jetpack_shortlink":"https:\/\/wp.me\/p8wvZV-1zJ","_links":{"self":[{"href":"http:\/\/jsdacores.pt\/front\/wp-json\/wp\/v2\/posts\/6059","targetHints":{"allow":["GET"]}}],"collection":[{"href":"http:\/\/jsdacores.pt\/front\/wp-json\/wp\/v2\/posts"}],"about":[{"href":"http:\/\/jsdacores.pt\/front\/wp-json\/wp\/v2\/types\/post"}],"author":[{"embeddable":true,"href":"http:\/\/jsdacores.pt\/front\/wp-json\/wp\/v2\/users\/3"}],"replies":[{"embeddable":true,"href":"http:\/\/jsdacores.pt\/front\/wp-json\/wp\/v2\/comments?post=6059"}],"version-history":[{"count":3,"href":"http:\/\/jsdacores.pt\/front\/wp-json\/wp\/v2\/posts\/6059\/revisions"}],"predecessor-version":[{"id":6063,"href":"http:\/\/jsdacores.pt\/front\/wp-json\/wp\/v2\/posts\/6059\/revisions\/6063"}],"wp:featuredmedia":[{"embeddable":true,"href":"http:\/\/jsdacores.pt\/front\/wp-json\/wp\/v2\/media\/5917"}],"wp:attachment":[{"href":"http:\/\/jsdacores.pt\/front\/wp-json\/wp\/v2\/media?parent=6059"}],"wp:term":[{"taxonomy":"category","embeddable":true,"href":"http:\/\/jsdacores.pt\/front\/wp-json\/wp\/v2\/categories?post=6059"},{"taxonomy":"post_tag","embeddable":true,"href":"http:\/\/jsdacores.pt\/front\/wp-json\/wp\/v2\/tags?post=6059"}],"curies":[{"name":"wp","href":"https:\/\/api.w.org\/{rel}","templated":true}]}}