{"id":6065,"date":"2020-06-02T14:33:01","date_gmt":"2020-06-02T14:33:01","guid":{"rendered":"http:\/\/jsdacores.pt\/front\/?p=6065"},"modified":"2020-06-09T18:34:58","modified_gmt":"2020-06-09T18:34:58","slug":"praia-da-vitoria-jsd-reune-com-juntas-de-freguesia-do-concelho","status":"publish","type":"post","link":"http:\/\/jsdacores.pt\/front\/news\/praia-da-vitoria-jsd-reune-com-juntas-de-freguesia-do-concelho\/","title":{"rendered":"Praia da Vit\u00f3ria. JSD re\u00fane com juntas de freguesia do concelho"},"content":{"rendered":"<h4>A JSD da Praia da Vit\u00f3ria est\u00e1 a efetuar um conjunto de visitas \u00e0s freguesias do concelho, de forma a aferir as dificuldades sentidas pelas respetivas juntas, &#8220;que t\u00eam estado na linha da frente, no que diz respeito aos pedidos de ajuda e ao contato com as popula\u00e7\u00f5es, especialmente neste per\u00edodo em que a conting\u00eancia da Covid-19 alterou as rotinas&#8221;, disse Tiago Meneses, l\u00edder da estrutura.<\/h4>\n<p>At\u00e9 ao momento j\u00e1 foram visitadas a Vila das Lajes e a freguesia da Agualva, com aquele respons\u00e1vel a ser acompanhado pela candidata a presidente da JSD\/Terceira, Raquel Mendon\u00e7a e pela vice-presidente regional, Vit\u00f3ria Silva.<\/p>\n<p>&#8220;Uma das dificuldades mais relatadas tem a ver com o acompanhamento dos filhos e o estudo em casa&#8221;, explicam, referindo que muitos casais &#8220;tiveram de adquirir os equipamentos necess\u00e1rios para as aulas em casa. Estamos a falar de valores avultados em equipamentos inform\u00e1ticos e escolares, e muitas fam\u00edlias que n\u00e3o conseguem dar as respostas adequadas, tendo em conta a sua situa\u00e7\u00e3o profissional&#8221;.<\/p>\n<p>Segundo Tiago Meneses, as juntas de freguesia &#8220;est\u00e3o na linha da frente, contactam diretamente com as pessoas e recebem pedidos de ajuda, que v\u00e3o desde impress\u00f5es, fotoc\u00f3pias, e at\u00e9 solicita\u00e7\u00f5es de apoio social&#8221;, adianta.<\/p>\n<p>&#8220;\u00c9 preciso que a autarquia trabalhe em conjunto com as juntas de freguesia para garantir a estabilidade das fam\u00edlias, sobretudo as que t\u00eam maiores dificuldades, mobilizando fundos de outras \u00e1reas que est\u00e3o bloqueadas devido \u00e0 pandemia&#8221;.<\/p>\n<p>Assim, &#8220;defendemos a cria\u00e7\u00e3o de um fundo escolar municipal para aquisi\u00e7\u00e3o de material, visando um contexto de empr\u00e9stimo do mesmo a quem necessita&#8221;, diz o jovem social democrata, para quem &#8220;esses equipamentos poder\u00e3o retornar posteriormente \u00e0s escolas do concelho, continuando dispon\u00edveis para alguma eventualidade&#8221;.<\/p>\n<p>Tiago Meneses mostrou igualmente preocupa\u00e7\u00e3o &#8220;com o futuro das nossas institui\u00e7\u00f5es culturais, muitas sem forma de produzir receitas nesta altura, e que apenas mant\u00eam atividade para garantir a participa\u00e7\u00e3o dos jovens, como as escolas de m\u00fasica, que t\u00eam custos para as filarm\u00f3nicas e sociedades&#8221;.<\/p>\n<p>O jovem dirigente insiste no destaque &#8220;ao grande trabalho que fazem as juntas de freguesia, mesmo sufocadas financeiramente&#8221;, criticando &#8220;a enorme disparidade relativamente \u00e0 delega\u00e7\u00e3o de compet\u00eancias e ao apoio de coopera\u00e7\u00e3o na Praia da Vit\u00f3ria relativamente a outros concelhos. O executivo camar\u00e1rio chumbou uma proposta dos vereadores eleitos pelo PSD, para que fossem atribu\u00eddos mais 1000 euros \u00e0s juntas de freguesia, alocados \u00e0 ajuda e fundo social&#8221;, recorda.<\/p>\n<p>Ao n\u00edvel do emprego jovem, o respons\u00e1vel pela JSD praiense fala em &#8220;falta de consenso e incoer\u00eancia quando se cancela o programa OTL Jovem, mas se mant\u00eam os programas Estagiar. N\u00e3o somos contra os Estagiar, mas defendemos que o OTL devia continuar ativo, apoiando as juntas de freguesia e cumprindo tamb\u00e9m as medidas de conting\u00eancia nas diversas situa\u00e7\u00f5es&#8221;.<\/p>\n<p>&#8220;As juntas de freguesia integram o programa OTL Jovem para manterem os jovens ativos, adquirindo naturalmente um aux\u00edlio extra em termos de m\u00e3o-de-obra. N\u00e3o se compreende que se tenha optado apenas por um dos programas&#8221;, refere.<\/p>\n<p>Tiago Meneses deixa ainda um repto, dizendo que &#8220;n\u00e3o \u00e9 a altura para jogadas de aproveitamento pol\u00edtico nem campanha, gastando dinheiro em outdoors, folhetos e publicidade, que em nada acrescentam ou ajudam as pessoas&#8221;, concluiu.<\/p>\n","protected":false},"excerpt":{"rendered":"<p>A JSD da Praia da Vit\u00f3ria est\u00e1 a efetuar um conjunto de visitas \u00e0s freguesias do concelho, de forma a aferir as dificuldades sentidas pelas respetivas<span class=\"excerpt-hellip\"> [\u2026]<\/span><\/p>\n","protected":false},"author":3,"featured_media":6066,"comment_status":"open","ping_status":"open","sticky":false,"template":"","format":"standard","meta":{"spay_email":"","footnotes":"","jetpack_publicize_message":"","jetpack_is_tweetstorm":false,"jetpack_publicize_feature_enabled":true},"categories":[11],"tags":[],"class_list":["post-6065","post","type-post","status-publish","format-standard","has-post-thumbnail","hentry","category-news"],"jetpack_featured_media_url":"https:\/\/i0.wp.com\/jsdacores.pt\/front\/wp-content\/uploads\/2020\/06\/WhatsApp-Image-2020-06-02-at-14.05.43.jpeg?fit=2048%2C1538","jetpack_publicize_connections":[],"jetpack_sharing_enabled":true,"jetpack_shortlink":"https:\/\/wp.me\/p8wvZV-1zP","_links":{"self":[{"href":"http:\/\/jsdacores.pt\/front\/wp-json\/wp\/v2\/posts\/6065","targetHints":{"allow":["GET"]}}],"collection":[{"href":"http:\/\/jsdacores.pt\/front\/wp-json\/wp\/v2\/posts"}],"about":[{"href":"http:\/\/jsdacores.pt\/front\/wp-json\/wp\/v2\/types\/post"}],"author":[{"embeddable":true,"href":"http:\/\/jsdacores.pt\/front\/wp-json\/wp\/v2\/users\/3"}],"replies":[{"embeddable":true,"href":"http:\/\/jsdacores.pt\/front\/wp-json\/wp\/v2\/comments?post=6065"}],"version-history":[{"count":1,"href":"http:\/\/jsdacores.pt\/front\/wp-json\/wp\/v2\/posts\/6065\/revisions"}],"predecessor-version":[{"id":6067,"href":"http:\/\/jsdacores.pt\/front\/wp-json\/wp\/v2\/posts\/6065\/revisions\/6067"}],"wp:featuredmedia":[{"embeddable":true,"href":"http:\/\/jsdacores.pt\/front\/wp-json\/wp\/v2\/media\/6066"}],"wp:attachment":[{"href":"http:\/\/jsdacores.pt\/front\/wp-json\/wp\/v2\/media?parent=6065"}],"wp:term":[{"taxonomy":"category","embeddable":true,"href":"http:\/\/jsdacores.pt\/front\/wp-json\/wp\/v2\/categories?post=6065"},{"taxonomy":"post_tag","embeddable":true,"href":"http:\/\/jsdacores.pt\/front\/wp-json\/wp\/v2\/tags?post=6065"}],"curies":[{"name":"wp","href":"https:\/\/api.w.org\/{rel}","templated":true}]}}