{"id":6069,"date":"2020-06-02T19:16:08","date_gmt":"2020-06-02T19:16:08","guid":{"rendered":"http:\/\/jsdacores.pt\/front\/?p=6069"},"modified":"2020-06-09T18:34:41","modified_gmt":"2020-06-09T18:34:41","slug":"a-autonomia-dos-acores-precisa-de-confianca-opiniao","status":"publish","type":"post","link":"http:\/\/jsdacores.pt\/front\/opiniao\/a-autonomia-dos-acores-precisa-de-confianca-opiniao\/","title":{"rendered":"A Autonomia dos A\u00e7ores precisa de confian\u00e7a! &#8211; Dr. Jo\u00e3o Bosco Mota Amaral"},"content":{"rendered":"<h4>A Autonomia dos A\u00e7ores, conquistada pelo Povo A\u00e7oriano a partir do processo de democratiza\u00e7\u00e3o desencadeado em Portugal com a Revolu\u00e7\u00e3o do 25 de Abril, tem por objectivo garantir que o nosso Arquip\u00e9lago se governa a si pr\u00f3prio, atrav\u00e9s de \u00f3rg\u00e3os pol\u00edticos escolhidos em elei\u00e7\u00f5es livres e justas.<\/h4>\n<p>J\u00e1 levamos\u00a0 44 anos de experi\u00eancia da nova Autonomia pol\u00edtico-administrativa, o que significa que a maioria da popula\u00e7\u00e3o das nossas ilhas nasceu j\u00e1 nesta era. Vivemos em Liberdade e Democracia, a qualidade de vida dos A\u00e7orianos melhorou muito, mas h\u00e1 sinais inquietantes, que obrigam a reflectir, com os olhos postos no futuro.<\/p>\n<p>N\u00e3o se pode ignorar a enorme absten\u00e7\u00e3o verificada nas elei\u00e7\u00f5es mais recentes na nossa Regi\u00e3o Aut\u00f3noma. \u00c9 \u00f3bvio que os A\u00e7orianos, sobretudo os mais jovens, n\u00e3o est\u00e3o satisfeitos! E as raz\u00f5es explicativas dessa insatisfa\u00e7\u00e3o s\u00e3o de todos conhecidas e nem vale a pena enunci\u00e1-las aqui uma por uma.<\/p>\n<p>Para entusiasmar os A\u00e7orianos com a Autonomia dos A\u00e7ores temos de voltar a dar-lhes motivos de confian\u00e7a nas nossas institui\u00e7\u00f5es de governo pr\u00f3prio, \u00a0Assembleia Legislativa e Governo Regional. As elei\u00e7\u00f5es a realizar antes do fim do ano permitem-nos fazer escolhas e, naturalmente, mudar!<\/p>\n<p>O exerc\u00edcio do Poder cansa, os seus titulares e mais ainda o Povo! S\u00e3o precisas novas propostas e gente nova, com novas energias, capaz de as levar por diante.<\/p>\n<p>O desenvolvimento dos A\u00e7ores deve ser aberto \u00e0s novas gera\u00e7\u00f5es, que nestes anos se defrontam com falta de empregos e situa\u00e7\u00f5es de injusta precariedade. Muitos est\u00e3o como que exilados fora das nossas ilhas, onde gostariam de viver e dar tamb\u00e9m o contributo correspondente \u00e0 prepara\u00e7\u00e3o adquirida, em estudos ou na vida pr\u00e1tica.<\/p>\n<p>A quest\u00e3o demogr\u00e1fica \u00e9 essencial! O despovoamento de algumas ilhas \u00e9 gritante e o envelhecimento da popula\u00e7\u00e3o exige respostas adequadas, que n\u00e3o aparecem. Temos escolas boas, mas o abandono escolar continua a debilitar a sociedade a\u00e7oriana. Os \u00edndices de pobreza s\u00e3o chocantes.<\/p>\n<p>Os A\u00e7ores t\u00eam condi\u00e7\u00f5es e oportunidades de progresso que n\u00e3o t\u00eam sido aproveitadas. H\u00e1 um novo programa de ajudas europeias, para enfrentar as consequ\u00eancias da pandemia, que n\u00e3o pode ser desperdi\u00e7ado.<\/p>\n<p>O segredo do sucesso da Autonomia reside na proximidade do Poder ao Povo. H\u00e1 neste ponto muito para afinar, voltando ao dinamismo dos tempos fundacionais da nossa Autonomia.<\/p>\n<p>&nbsp;<\/p>\n<p>Jo\u00e3o Bosco Mota Amaral<\/p>\n<p>Presidente do Primeiro Governo da Regi\u00e3o Aut\u00f3noma dos A\u00e7ores<\/p>\n","protected":false},"excerpt":{"rendered":"<p>A Autonomia dos A\u00e7ores, conquistada pelo Povo A\u00e7oriano a partir do processo de democratiza\u00e7\u00e3o desencadeado em Portugal com a Revolu\u00e7\u00e3o do 25 de Abril, tem por<span class=\"excerpt-hellip\"> [\u2026]<\/span><\/p>\n","protected":false},"author":3,"featured_media":6077,"comment_status":"open","ping_status":"open","sticky":false,"template":"","format":"image","meta":{"spay_email":"","footnotes":"","jetpack_publicize_message":"","jetpack_is_tweetstorm":false,"jetpack_publicize_feature_enabled":true},"categories":[16],"tags":[],"class_list":["post-6069","post","type-post","status-publish","format-image","has-post-thumbnail","hentry","category-opiniao","post_format-post-format-image"],"jetpack_featured_media_url":"https:\/\/i0.wp.com\/jsdacores.pt\/front\/wp-content\/uploads\/2020\/06\/mota-amaral-2.png?fit=560%2C315","jetpack_publicize_connections":[],"jetpack_sharing_enabled":true,"jetpack_shortlink":"https:\/\/wp.me\/p8wvZV-1zT","_links":{"self":[{"href":"http:\/\/jsdacores.pt\/front\/wp-json\/wp\/v2\/posts\/6069","targetHints":{"allow":["GET"]}}],"collection":[{"href":"http:\/\/jsdacores.pt\/front\/wp-json\/wp\/v2\/posts"}],"about":[{"href":"http:\/\/jsdacores.pt\/front\/wp-json\/wp\/v2\/types\/post"}],"author":[{"embeddable":true,"href":"http:\/\/jsdacores.pt\/front\/wp-json\/wp\/v2\/users\/3"}],"replies":[{"embeddable":true,"href":"http:\/\/jsdacores.pt\/front\/wp-json\/wp\/v2\/comments?post=6069"}],"version-history":[{"count":4,"href":"http:\/\/jsdacores.pt\/front\/wp-json\/wp\/v2\/posts\/6069\/revisions"}],"predecessor-version":[{"id":6075,"href":"http:\/\/jsdacores.pt\/front\/wp-json\/wp\/v2\/posts\/6069\/revisions\/6075"}],"wp:featuredmedia":[{"embeddable":true,"href":"http:\/\/jsdacores.pt\/front\/wp-json\/wp\/v2\/media\/6077"}],"wp:attachment":[{"href":"http:\/\/jsdacores.pt\/front\/wp-json\/wp\/v2\/media?parent=6069"}],"wp:term":[{"taxonomy":"category","embeddable":true,"href":"http:\/\/jsdacores.pt\/front\/wp-json\/wp\/v2\/categories?post=6069"},{"taxonomy":"post_tag","embeddable":true,"href":"http:\/\/jsdacores.pt\/front\/wp-json\/wp\/v2\/tags?post=6069"}],"curies":[{"name":"wp","href":"https:\/\/api.w.org\/{rel}","templated":true}]}}