{"id":6094,"date":"2020-06-06T20:15:08","date_gmt":"2020-06-06T20:15:08","guid":{"rendered":"http:\/\/jsdacores.pt\/front\/?p=6094"},"modified":"2020-06-09T18:35:06","modified_gmt":"2020-06-09T18:35:06","slug":"uma-nova-cultura-de-autonomia-de-governo-dr-jose-manuel-bolieiro","status":"publish","type":"post","link":"http:\/\/jsdacores.pt\/front\/opiniao\/uma-nova-cultura-de-autonomia-de-governo-dr-jose-manuel-bolieiro\/","title":{"rendered":"Uma nova cultura de Autonomia de Governo &#8211; Dr. Jos\u00e9 Manuel Bolieiro"},"content":{"rendered":"<p>A ideia subjacente ao t\u00edtulo acima exposto \u00e9 a arreigada e profunda convic\u00e7\u00e3o pol\u00edtica que tenho como adquirida, e que expresso na estrat\u00e9gia global que proponho para futuro.<\/p>\n<p>Historicamente, o PSD foi e \u00e9 o mais autonomista dos partidos pol\u00edticos.<\/p>\n<p>A Autonomia Pol\u00edtica tem sido o regime de governo que mais conv\u00e9m aos A\u00e7ores.<\/p>\n<p>A dist\u00e2ncia, a dimens\u00e3o e a dispers\u00e3o da nossa Regi\u00e3o encontraram resposta de governa\u00e7\u00e3o adequada na hist\u00f3rica conquista da Autonomia Constitucional de 1976, sublinhada por quatro d\u00e9cadas e dois ciclos de governo pr\u00f3prio.<\/p>\n<p>Para o nosso futuro, que \u00e9 mais importante do que o nosso passado, o que importa \u00e9 inaugurar, agora, uma nova cultura de Autonomia, mais adequada aos novos desafios.<\/p>\n<p>Uma Autonomia de Responsabiliza\u00e7\u00e3o.<\/p>\n<p>Assumir fazer, assumir partilhar, assumir reivindicar. Definir e praticar o conceito de Interesse Comum, que exige trabalho conjunto. Seja com a sociedade a\u00e7oriana, seja com o pa\u00eds, seja com a Uni\u00e3o Europeia e com as organiza\u00e7\u00f5es mundiais.<\/p>\n<p>A responsabiliza\u00e7\u00e3o pelo desenvolvimento sustent\u00e1vel dos A\u00e7ores \u2013 portanto, do pa\u00eds inteiro e das ilhas da Uni\u00e3o Europeia \u2013 tem de implicar reconhecimento e envolvimento comum, e em subsidiariedade, da nossa especificidade e do nosso potencial nos contextos regional, nacional e europeu.<\/p>\n<p>Temos desafios a transformar em projetos de interesse estruturante e comum, por exemplo: a sa\u00fade e a educa\u00e7\u00e3o, o transporte a\u00e9reo e mar\u00edtimo, o ensino superior e a investiga\u00e7\u00e3o cient\u00edfica da Universidade dos A\u00e7ores.<\/p>\n<p>Temos desafios de interesse estrat\u00e9gico, por exemplo: o turismo, a agropecu\u00e1ria e as pescas, o ambiente e a energia.<\/p>\n<p>Temos desafios de interesse partilhado, por exemplo: o mar, o espa\u00e7o, a seguran\u00e7a, a justi\u00e7a, a defesa.<\/p>\n<p>N\u00e3o h\u00e1 assuntos s\u00f3 da Regi\u00e3o ou assuntos s\u00f3 do Estado quando o que interessa \u00e9 o desenvolvimento dos A\u00e7ores. A Autonomia tem sempre uma palavra a dizer. A op\u00e7\u00e3o tem de ser a da corresponsabiliza\u00e7\u00e3o.<\/p>\n<p>O Estado pode e deve cumprir as obriga\u00e7\u00f5es de soberania em coopera\u00e7\u00e3o com a Regi\u00e3o. Do mesmo modo que a Regi\u00e3o pode e deve cumprir o interesse regional em coopera\u00e7\u00e3o com o poder local, com os parceiros sociais, com as pessoas.<\/p>\n<p>A Autonomia de Responsabiliza\u00e7\u00e3o \u00e9 tamb\u00e9m a autonomia das pessoas e do seu pensamento cr\u00edtico.<\/p>\n<p>Temos orgulho de ser a\u00e7orianos, de corpo inteiro, de alma e cora\u00e7\u00e3o. Onde quer que se cumpra a palavra A\u00e7ores. Seja o mais pequeno lugar das ilhas, seja a maior comunidade da di\u00e1spora.<\/p>\n<p>A Autonomia tem a dimens\u00e3o, as oportunidades e as obriga\u00e7\u00f5es da pr\u00f3pria A\u00e7orianidade. Interessa a todos e interessa-se por todos \u2013 a\u00e7orianos de nascimento, de ado\u00e7\u00e3o e de migra\u00e7\u00e3o.<\/p>\n<p>\u00c9 esta a Autonomia Pol\u00edtica do futuro, que se h\u00e1 de impor ao nosso modelo de Governar os A\u00e7ores e de afirmarmos o aprofundamento do adquirido auton\u00f3mico em futuras revis\u00f5es da Constitui\u00e7\u00e3o da Rep\u00fablica Portuguesa e no \u00e2mbito das nossas participa\u00e7\u00f5es no plano comunit\u00e1rio europeu ou internacional.<\/p>\n<p>&nbsp;<\/p>\n<p>&nbsp;<\/p>\n<p>Jos\u00e9 Manuel Bolieiro<\/p>\n<p>Presidente do PSD\/A\u00e7ores.<\/p>\n","protected":false},"excerpt":{"rendered":"<p>A ideia subjacente ao t\u00edtulo acima exposto \u00e9 a arreigada e profunda convic\u00e7\u00e3o pol\u00edtica que tenho como adquirida, e que expresso na estrat\u00e9gia global que proponho<span class=\"excerpt-hellip\"> [\u2026]<\/span><\/p>\n","protected":false},"author":3,"featured_media":6095,"comment_status":"open","ping_status":"open","sticky":false,"template":"","format":"image","meta":{"spay_email":"","footnotes":"","jetpack_publicize_message":"","jetpack_is_tweetstorm":false,"jetpack_publicize_feature_enabled":true},"categories":[16],"tags":[],"class_list":["post-6094","post","type-post","status-publish","format-image","has-post-thumbnail","hentry","category-opiniao","post_format-post-format-image"],"jetpack_featured_media_url":"https:\/\/i0.wp.com\/jsdacores.pt\/front\/wp-content\/uploads\/2020\/06\/BOLIEIRO-story_dia-dos-ac\u0327ores.png?fit=560%2C315","jetpack_publicize_connections":[],"jetpack_sharing_enabled":true,"jetpack_shortlink":"https:\/\/wp.me\/p8wvZV-1Ai","_links":{"self":[{"href":"http:\/\/jsdacores.pt\/front\/wp-json\/wp\/v2\/posts\/6094","targetHints":{"allow":["GET"]}}],"collection":[{"href":"http:\/\/jsdacores.pt\/front\/wp-json\/wp\/v2\/posts"}],"about":[{"href":"http:\/\/jsdacores.pt\/front\/wp-json\/wp\/v2\/types\/post"}],"author":[{"embeddable":true,"href":"http:\/\/jsdacores.pt\/front\/wp-json\/wp\/v2\/users\/3"}],"replies":[{"embeddable":true,"href":"http:\/\/jsdacores.pt\/front\/wp-json\/wp\/v2\/comments?post=6094"}],"version-history":[{"count":2,"href":"http:\/\/jsdacores.pt\/front\/wp-json\/wp\/v2\/posts\/6094\/revisions"}],"predecessor-version":[{"id":6097,"href":"http:\/\/jsdacores.pt\/front\/wp-json\/wp\/v2\/posts\/6094\/revisions\/6097"}],"wp:featuredmedia":[{"embeddable":true,"href":"http:\/\/jsdacores.pt\/front\/wp-json\/wp\/v2\/media\/6095"}],"wp:attachment":[{"href":"http:\/\/jsdacores.pt\/front\/wp-json\/wp\/v2\/media?parent=6094"}],"wp:term":[{"taxonomy":"category","embeddable":true,"href":"http:\/\/jsdacores.pt\/front\/wp-json\/wp\/v2\/categories?post=6094"},{"taxonomy":"post_tag","embeddable":true,"href":"http:\/\/jsdacores.pt\/front\/wp-json\/wp\/v2\/tags?post=6094"}],"curies":[{"name":"wp","href":"https:\/\/api.w.org\/{rel}","templated":true}]}}