{"id":6191,"date":"2020-07-20T14:13:57","date_gmt":"2020-07-20T14:13:57","guid":{"rendered":"http:\/\/jsdacores.pt\/front\/?p=6191"},"modified":"2020-07-20T14:15:56","modified_gmt":"2020-07-20T14:15:56","slug":"tomada-de-posse-dos-novos-orgaos-da-jsd-ribeira-grande","status":"publish","type":"post","link":"http:\/\/jsdacores.pt\/front\/news\/tomada-de-posse-dos-novos-orgaos-da-jsd-ribeira-grande\/","title":{"rendered":"Tomada de posse dos novos \u00f3rg\u00e3os da JSD Ribeira Grande"},"content":{"rendered":"<h4>A recente estrutura da JSD Ribeira Grande, eleita no passado dia 4 de julho de 2020, realizou a sua tomada de posse sexta-feira, dia 17 de julho de 2020, no Museu do Tabaco da freguesia da Maia.<\/h4>\n<p>O evento contou com a presen\u00e7a das figuras aut\u00e1rquicas do PSD do concelho, inclusive o seu representante m\u00e1ximo, Alexandre Gaud\u00eancio.<\/p>\n<p>Andr\u00e9 Pontes, afirmou que \u201c\u00e9 necess\u00e1rio combater o desinteresse pela pol\u00edtica por parte dos jovens, sendo que um dos objetivos da estrutura \u00e9 fazer o n\u00famero m\u00e1ximo de novos militantes poss\u00edvel e reativar os n\u00facleos do concelho\u201d.<\/p>\n<p>O evento tomou lugar numa das 14 freguesias do concelho, com o intuito de \u201cdescentralizar a realiza\u00e7\u00e3o das atividades do concelho, mas tamb\u00e9m para mostrar aos jovens da Ribeira Grande que a opress\u00e3o pol\u00edtica feita pelo atual governo regional n\u00e3o \u00e9 motivo para baixar o volume voz dos jovens\u201d, explicou o l\u00edder da estrutura.<\/p>\n<p>\u201cMarcamos presen\u00e7a aqui hoje na freguesia da Maia para mostrar a esta terra rosa que o sumo de laranja est\u00e1 mais fresco, mais revitalizante e a produzir mais vitamina C do que nunca\u201d, referiu.<\/p>\n<p>Outro dos compromissos da estrutura passa por marcar uma reuni\u00e3o com todos os presidentes das freguesias do concelho, numa tentativa de angariar o m\u00e1ximo de informa\u00e7\u00e3o, procedendo ao seu trabalho de levar a cabo o melhor para os interesses dos jovens da Ribeira Grande.<\/p>\n","protected":false},"excerpt":{"rendered":"<p>A recente estrutura da JSD Ribeira Grande, eleita no passado dia 4 de julho de 2020, realizou a sua tomada de posse sexta-feira, dia 17 de<span class=\"excerpt-hellip\"> [\u2026]<\/span><\/p>\n","protected":false},"author":3,"featured_media":6193,"comment_status":"open","ping_status":"open","sticky":false,"template":"","format":"image","meta":{"spay_email":"","footnotes":"","jetpack_publicize_message":"","jetpack_is_tweetstorm":false,"jetpack_publicize_feature_enabled":true},"categories":[11],"tags":[],"class_list":["post-6191","post","type-post","status-publish","format-image","has-post-thumbnail","hentry","category-news","post_format-post-format-image"],"jetpack_featured_media_url":"https:\/\/i0.wp.com\/jsdacores.pt\/front\/wp-content\/uploads\/2020\/07\/WhatsApp-Image-2020-07-20-at-14.10.49.jpeg?fit=960%2C442","jetpack_publicize_connections":[],"jetpack_sharing_enabled":true,"jetpack_shortlink":"https:\/\/wp.me\/p8wvZV-1BR","_links":{"self":[{"href":"http:\/\/jsdacores.pt\/front\/wp-json\/wp\/v2\/posts\/6191","targetHints":{"allow":["GET"]}}],"collection":[{"href":"http:\/\/jsdacores.pt\/front\/wp-json\/wp\/v2\/posts"}],"about":[{"href":"http:\/\/jsdacores.pt\/front\/wp-json\/wp\/v2\/types\/post"}],"author":[{"embeddable":true,"href":"http:\/\/jsdacores.pt\/front\/wp-json\/wp\/v2\/users\/3"}],"replies":[{"embeddable":true,"href":"http:\/\/jsdacores.pt\/front\/wp-json\/wp\/v2\/comments?post=6191"}],"version-history":[{"count":3,"href":"http:\/\/jsdacores.pt\/front\/wp-json\/wp\/v2\/posts\/6191\/revisions"}],"predecessor-version":[{"id":6195,"href":"http:\/\/jsdacores.pt\/front\/wp-json\/wp\/v2\/posts\/6191\/revisions\/6195"}],"wp:featuredmedia":[{"embeddable":true,"href":"http:\/\/jsdacores.pt\/front\/wp-json\/wp\/v2\/media\/6193"}],"wp:attachment":[{"href":"http:\/\/jsdacores.pt\/front\/wp-json\/wp\/v2\/media?parent=6191"}],"wp:term":[{"taxonomy":"category","embeddable":true,"href":"http:\/\/jsdacores.pt\/front\/wp-json\/wp\/v2\/categories?post=6191"},{"taxonomy":"post_tag","embeddable":true,"href":"http:\/\/jsdacores.pt\/front\/wp-json\/wp\/v2\/tags?post=6191"}],"curies":[{"name":"wp","href":"https:\/\/api.w.org\/{rel}","templated":true}]}}