{"id":6206,"date":"2020-07-23T19:25:05","date_gmt":"2020-07-23T19:25:05","guid":{"rendered":"http:\/\/jsdacores.pt\/front\/?p=6206"},"modified":"2020-07-23T19:25:36","modified_gmt":"2020-07-23T19:25:36","slug":"jsd-praia-da-vitoria-lanca-propostas-para-dinamizacao-do-concelho-durante-a-pandemia","status":"publish","type":"post","link":"http:\/\/jsdacores.pt\/front\/news\/jsd-praia-da-vitoria-lanca-propostas-para-dinamizacao-do-concelho-durante-a-pandemia\/","title":{"rendered":"JSD Praia da Vit\u00f3ria lan\u00e7a propostas para dinamiza\u00e7\u00e3o do concelho durante a pandemia"},"content":{"rendered":"<h4>A JSD Praia da Vit\u00f3ria lan\u00e7ou um pacote de propostas que visam amenizar as consequ\u00eancias resultantes do cancelamento das festas do concelho. \u201cEstas iniciativas visam criar atividades para os jovens, para que permane\u00e7am ativos esta temporada, ao mesmo tempo que participam no crescimento e no desenvolvimento \u00a0do concelho\u201d, explicou Tiago Meneses.<\/h4>\n<p>De acordo com o l\u00edder da estrutura, \u201caquando do cancelamento das festas, foi anunciado um programa alternativo, sem que o mesmo tenha sido apresentado at\u00e9 \u00e0 data\u201d. \u201cOs jovens e comerciantes do concelho continuam sem alternativas, nem vislumbre de novas solu\u00e7\u00f5es\u201d, referiu.<\/p>\n<p>O jovem social-democrata caracteriza as propostas apresentadas como \u201cde execu\u00e7\u00e3o n\u00e3o dif\u00edcil\u201d, que recorrem a parcerias com entidades do concelho, \u201cde forma a diminuir a falta de rendimentos\u201d. \u201cConseguimos assim suprir a falta das atividades inerentes \u00e0s festas do concelho e das freguesias e o cancelamento do programa OTL Jovens\u201d.<\/p>\n<p>\u201cAcreditamos que \u00e9 poss\u00edvel arranjar solu\u00e7\u00f5es, sem grandes custos, utilizando as infraestruturas j\u00e1 existentes e acreditamos que com a ajuda de todos podemos garantir um presente e futuro com qualidade, nunca descurando as medidas de seguran\u00e7a e preven\u00e7\u00e3o\u201d.<\/p>\n<p>Do pacote de propostas pode ler-se uma sess\u00e3o semanal ou quinzenal de um filme em drive-in, utilizando o espa\u00e7o destinado \u00e0 zona de espet\u00e1culos (music resort), com a sinal\u00e9tica adequada, apoiando os estabelecimentos circundantes e ambulantes.<\/p>\n<p>Prop\u00f5em ainda uma sess\u00e3o de espet\u00e1culos, por parte das bandas filarm\u00f3nicas e dos grupos de folclore na zona destinada ao palco da marina, em frente aos bares, apoiando as entidades que durante todo o ano defendem a cultura e as tradi\u00e7\u00f5es a\u00e7orianas. A JSD Praia da Vit\u00f3ria defende que esta atividade possa ser estendida \u00e0s diversas freguesias, descentralizando assim o foco das atividades.<\/p>\n<p>A estrutura prop\u00f5e ainda reativar nos sal\u00f5es das freguesias do concelho a sess\u00e3o de cinema\/espet\u00e1culo, promovendo assim as institui\u00e7\u00f5es do concelho que sobrevivem do associativismo e criar atividades desportivas com associa\u00e7\u00f5es ligadas \u00e0s atividades radicais e n\u00e1uticas.<\/p>\n<p>Pode ler-se ainda no comunicado da estrutura um incentivo para premiar quem participou nas atividades desenvolvidas onde \u201catrav\u00e9s de uma caderneta ou simples cart\u00e3o, as pessoas recebam um carimbo\/assinatura ap\u00f3s cada atividade realizada e cada local visitado, sorteando-se, no final, um voucher a utilizar no Concelho.<\/p>\n<p>Com este pacote de propostas \u201ce com uma dose de boa vontade\u201d o l\u00edder da JSD Praia da Vit\u00f3ria acredita ser poss\u00edvel \u201ccriar solu\u00e7\u00f5es alternativas para os jovens praienses viverem esta fase pand\u00e9mica e para a dinamiza\u00e7\u00e3o das entidades e institui\u00e7\u00f5es do concelho\u201d. \u201c\u00c9 nos tempos dif\u00edceis que temos de arrega\u00e7ar mangas e sair para a rua; e a Praia da Vit\u00f3ria tem pessoas e gabinetes destinados a efetuar e colocar em pr\u00e1tica estas propostas. Assim se queira\u201d, finalizou Tiago Meneses.<\/p>\n","protected":false},"excerpt":{"rendered":"<p>A JSD Praia da Vit\u00f3ria lan\u00e7ou um pacote de propostas que visam amenizar as consequ\u00eancias resultantes do cancelamento das festas do concelho. \u201cEstas iniciativas visam criar<span class=\"excerpt-hellip\"> [\u2026]<\/span><\/p>\n","protected":false},"author":3,"featured_media":6212,"comment_status":"open","ping_status":"open","sticky":false,"template":"","format":"image","meta":{"spay_email":"","footnotes":"","jetpack_publicize_message":"","jetpack_is_tweetstorm":false,"jetpack_publicize_feature_enabled":true},"categories":[11],"tags":[],"class_list":["post-6206","post","type-post","status-publish","format-image","has-post-thumbnail","hentry","category-news","post_format-post-format-image"],"jetpack_featured_media_url":"https:\/\/i0.wp.com\/jsdacores.pt\/front\/wp-content\/uploads\/2020\/07\/WhatsApp-Image-2020-07-23-at-11.42.21.jpeg?fit=1920%2C1440","jetpack_publicize_connections":[],"jetpack_sharing_enabled":true,"jetpack_shortlink":"https:\/\/wp.me\/p8wvZV-1C6","_links":{"self":[{"href":"http:\/\/jsdacores.pt\/front\/wp-json\/wp\/v2\/posts\/6206","targetHints":{"allow":["GET"]}}],"collection":[{"href":"http:\/\/jsdacores.pt\/front\/wp-json\/wp\/v2\/posts"}],"about":[{"href":"http:\/\/jsdacores.pt\/front\/wp-json\/wp\/v2\/types\/post"}],"author":[{"embeddable":true,"href":"http:\/\/jsdacores.pt\/front\/wp-json\/wp\/v2\/users\/3"}],"replies":[{"embeddable":true,"href":"http:\/\/jsdacores.pt\/front\/wp-json\/wp\/v2\/comments?post=6206"}],"version-history":[{"count":2,"href":"http:\/\/jsdacores.pt\/front\/wp-json\/wp\/v2\/posts\/6206\/revisions"}],"predecessor-version":[{"id":6213,"href":"http:\/\/jsdacores.pt\/front\/wp-json\/wp\/v2\/posts\/6206\/revisions\/6213"}],"wp:featuredmedia":[{"embeddable":true,"href":"http:\/\/jsdacores.pt\/front\/wp-json\/wp\/v2\/media\/6212"}],"wp:attachment":[{"href":"http:\/\/jsdacores.pt\/front\/wp-json\/wp\/v2\/media?parent=6206"}],"wp:term":[{"taxonomy":"category","embeddable":true,"href":"http:\/\/jsdacores.pt\/front\/wp-json\/wp\/v2\/categories?post=6206"},{"taxonomy":"post_tag","embeddable":true,"href":"http:\/\/jsdacores.pt\/front\/wp-json\/wp\/v2\/tags?post=6206"}],"curies":[{"name":"wp","href":"https:\/\/api.w.org\/{rel}","templated":true}]}}