{"id":6240,"date":"2020-08-15T13:02:28","date_gmt":"2020-08-15T13:02:28","guid":{"rendered":"http:\/\/jsdacores.pt\/front\/?p=6240"},"modified":"2020-08-15T13:02:28","modified_gmt":"2020-08-15T13:02:28","slug":"jsd-angra-do-heroismo-realiza-atividade-de-limpeza-da-orla-costeira","status":"publish","type":"post","link":"http:\/\/jsdacores.pt\/front\/news\/jsd-angra-do-heroismo-realiza-atividade-de-limpeza-da-orla-costeira\/","title":{"rendered":"JSD Angra do Hero\u00edsmo realiza atividade de limpeza da orla costeira"},"content":{"rendered":"<h4>A JSD de Angra do Hero\u00edsmo realizou uma iniciativa de limpeza da orla costeira da Po\u00e7a dos Frades, situada na freguesia de S\u00e3o Pedro. \u201cVivemos na era do pl\u00e1stico e, como jovens preocupados com o futuro da Regi\u00e3o e de cada uma das ilhas, temos na sustentabilidade do planeta uma das nossas maiores preocupa\u00e7\u00f5es\u201d, referiu Vanessa Martins Branco.<\/h4>\n<p>Para a presidente da JSD Angra do Hero\u00edsmo \u201cesta deve ser uma preocupa\u00e7\u00e3o transversal a todas as gera\u00e7\u00f5es e, em especial, a quem gere os espa\u00e7os p\u00fablicos\u201d. Vanessa Martins Branco criticou \u201cum forte desinvestimento na higieniza\u00e7\u00e3o e reabilita\u00e7\u00e3o das zonas balneares, por parte da autarquia de Angra do Hero\u00edsmo\u201d<\/p>\n<p>Recorde-se que esta iniciativa faz parte de um programa da JSD Terceira, apresentado durante o m\u00eas de julho, \u201cque prima pela consciencializa\u00e7\u00e3o dos jovens para um mundo melhor\u201d, explicou. \u201cDeixamos o convite a todos quantos nos quiserem acompanhar nas pr\u00f3ximas atividades\u201d, referiu a presidente da estrutura.<\/p>\n<p>A atividade contou com a presen\u00e7a da l\u00edder da JSD Terceira, Raquel Mendon\u00e7a, e da vice-presidente da JSD A\u00e7ores, Vit\u00f3ria Silva.<\/p>\n","protected":false},"excerpt":{"rendered":"<p>A JSD de Angra do Hero\u00edsmo realizou uma iniciativa de limpeza da orla costeira da Po\u00e7a dos Frades, situada na freguesia de S\u00e3o Pedro. \u201cVivemos na<span class=\"excerpt-hellip\"> [\u2026]<\/span><\/p>\n","protected":false},"author":3,"featured_media":6241,"comment_status":"open","ping_status":"open","sticky":false,"template":"","format":"image","meta":{"spay_email":"","footnotes":"","jetpack_publicize_message":"","jetpack_is_tweetstorm":false,"jetpack_publicize_feature_enabled":true},"categories":[11],"tags":[],"class_list":["post-6240","post","type-post","status-publish","format-image","has-post-thumbnail","hentry","category-news","post_format-post-format-image"],"jetpack_featured_media_url":"https:\/\/i0.wp.com\/jsdacores.pt\/front\/wp-content\/uploads\/2020\/08\/9b83fac9-dcff-4f89-97f6-046df8e7d1d4.jpg?fit=1920%2C864","jetpack_publicize_connections":[],"jetpack_sharing_enabled":true,"jetpack_shortlink":"https:\/\/wp.me\/p8wvZV-1CE","_links":{"self":[{"href":"http:\/\/jsdacores.pt\/front\/wp-json\/wp\/v2\/posts\/6240","targetHints":{"allow":["GET"]}}],"collection":[{"href":"http:\/\/jsdacores.pt\/front\/wp-json\/wp\/v2\/posts"}],"about":[{"href":"http:\/\/jsdacores.pt\/front\/wp-json\/wp\/v2\/types\/post"}],"author":[{"embeddable":true,"href":"http:\/\/jsdacores.pt\/front\/wp-json\/wp\/v2\/users\/3"}],"replies":[{"embeddable":true,"href":"http:\/\/jsdacores.pt\/front\/wp-json\/wp\/v2\/comments?post=6240"}],"version-history":[{"count":1,"href":"http:\/\/jsdacores.pt\/front\/wp-json\/wp\/v2\/posts\/6240\/revisions"}],"predecessor-version":[{"id":6242,"href":"http:\/\/jsdacores.pt\/front\/wp-json\/wp\/v2\/posts\/6240\/revisions\/6242"}],"wp:featuredmedia":[{"embeddable":true,"href":"http:\/\/jsdacores.pt\/front\/wp-json\/wp\/v2\/media\/6241"}],"wp:attachment":[{"href":"http:\/\/jsdacores.pt\/front\/wp-json\/wp\/v2\/media?parent=6240"}],"wp:term":[{"taxonomy":"category","embeddable":true,"href":"http:\/\/jsdacores.pt\/front\/wp-json\/wp\/v2\/categories?post=6240"},{"taxonomy":"post_tag","embeddable":true,"href":"http:\/\/jsdacores.pt\/front\/wp-json\/wp\/v2\/tags?post=6240"}],"curies":[{"name":"wp","href":"https:\/\/api.w.org\/{rel}","templated":true}]}}