{"id":6243,"date":"2020-08-20T16:45:46","date_gmt":"2020-08-20T16:45:46","guid":{"rendered":"http:\/\/jsdacores.pt\/front\/?p=6243"},"modified":"2020-09-01T12:00:27","modified_gmt":"2020-09-01T12:00:27","slug":"flavio-soares-defende-estrategia-diferenciadora-para-cada-ilha","status":"publish","type":"post","link":"http:\/\/jsdacores.pt\/front\/news\/flavio-soares-defende-estrategia-diferenciadora-para-cada-ilha\/","title":{"rendered":"Pico: Fl\u00e1vio Soares defende estrat\u00e9gia diferenciadora para cada ilha"},"content":{"rendered":"<h4>O presidente da JSD A\u00e7ores encerrou esta ter\u00e7a-feira, 18 de agosto, a visita de dois dias \u00e0 ilha do Pico depois de contactos com diversas institui\u00e7\u00f5es e com as estruturas da JSD e do PSD.<\/h4>\n<p>\u201cTive oportunidade de para al\u00e9m de apresentar os cumprimentos da JSD A\u00e7ores nas diversas concelhias, reunir com jovens empres\u00e1rios e de v\u00e1rios ramos de atividade, conhecer as suas preocupa\u00e7\u00f5es e dificuldades\u201d, referiu Fl\u00e1vio Soares.<\/p>\n<p>Para o presidente da estrutura social-democrata \u201ca estrat\u00e9gia tem de ser diferenciadora em cada ilha, e em cada concelho\u201d. \u201cO governo n\u00e3o pode agir de forma igual quando h\u00e1 9 parcelas diferentes, com necessidades distintas\u201d, criticou.<\/p>\n<p>\u201cNo caso da ilha do Pico, o problema da desertifica\u00e7\u00e3o \u00e9 gritante. N\u00e3o h\u00e1 emprego qualificado, e o alojamento que existe est\u00e1 afincadamente direcionado para o turismo e para o alojamento local\u201d, mencionou Fl\u00e1vio Soares. \u201cSeja qual for a estrat\u00e9gia do Governo para a ilha do Pico, tem deixado os picoenses de lado\u201d.<\/p>\n<p>Durante a visita, Fl\u00e1vio Soares defendeu \u201ca cria\u00e7\u00e3o de uma estrat\u00e9gia regional de ensino profissional que v\u00e1 ao encontro das necessidades de mercado de cada ilha\u201d.<\/p>\n<p>\u201cAs escolas profissionais, de extrema import\u00e2ncia para a forma\u00e7\u00e3o dos a\u00e7orianos, n\u00e3o podem apenas formar jovens sem qualquer crit\u00e9rio, sem vis\u00e3o de futuro, apresentando um ensino sem estrat\u00e9gia\u201d, referiu.<\/p>\n<p>Recorde-se que M\u00f3nica Soares, l\u00edder da JSD Pico, \u00e9 a candidata da JSD no c\u00edrculo eleitoral da ilha do Pico.<\/p>\n","protected":false},"excerpt":{"rendered":"<p>O presidente da JSD A\u00e7ores encerrou esta ter\u00e7a-feira, 18 de agosto, a visita de dois dias \u00e0 ilha do Pico depois de contactos com diversas institui\u00e7\u00f5es<span class=\"excerpt-hellip\"> [\u2026]<\/span><\/p>\n","protected":false},"author":3,"featured_media":6244,"comment_status":"open","ping_status":"open","sticky":false,"template":"","format":"image","meta":{"spay_email":"","footnotes":"","jetpack_publicize_message":"","jetpack_is_tweetstorm":false,"jetpack_publicize_feature_enabled":true},"categories":[11],"tags":[],"class_list":["post-6243","post","type-post","status-publish","format-image","has-post-thumbnail","hentry","category-news","post_format-post-format-image"],"jetpack_featured_media_url":"https:\/\/i0.wp.com\/jsdacores.pt\/front\/wp-content\/uploads\/2020\/08\/PHOTO-2020-08-17-17-34-53.jpg?fit=1920%2C1440","jetpack_publicize_connections":[],"jetpack_sharing_enabled":true,"jetpack_shortlink":"https:\/\/wp.me\/p8wvZV-1CH","_links":{"self":[{"href":"http:\/\/jsdacores.pt\/front\/wp-json\/wp\/v2\/posts\/6243","targetHints":{"allow":["GET"]}}],"collection":[{"href":"http:\/\/jsdacores.pt\/front\/wp-json\/wp\/v2\/posts"}],"about":[{"href":"http:\/\/jsdacores.pt\/front\/wp-json\/wp\/v2\/types\/post"}],"author":[{"embeddable":true,"href":"http:\/\/jsdacores.pt\/front\/wp-json\/wp\/v2\/users\/3"}],"replies":[{"embeddable":true,"href":"http:\/\/jsdacores.pt\/front\/wp-json\/wp\/v2\/comments?post=6243"}],"version-history":[{"count":3,"href":"http:\/\/jsdacores.pt\/front\/wp-json\/wp\/v2\/posts\/6243\/revisions"}],"predecessor-version":[{"id":6278,"href":"http:\/\/jsdacores.pt\/front\/wp-json\/wp\/v2\/posts\/6243\/revisions\/6278"}],"wp:featuredmedia":[{"embeddable":true,"href":"http:\/\/jsdacores.pt\/front\/wp-json\/wp\/v2\/media\/6244"}],"wp:attachment":[{"href":"http:\/\/jsdacores.pt\/front\/wp-json\/wp\/v2\/media?parent=6243"}],"wp:term":[{"taxonomy":"category","embeddable":true,"href":"http:\/\/jsdacores.pt\/front\/wp-json\/wp\/v2\/categories?post=6243"},{"taxonomy":"post_tag","embeddable":true,"href":"http:\/\/jsdacores.pt\/front\/wp-json\/wp\/v2\/tags?post=6243"}],"curies":[{"name":"wp","href":"https:\/\/api.w.org\/{rel}","templated":true}]}}