{"id":6254,"date":"2020-08-21T19:20:22","date_gmt":"2020-08-21T19:20:22","guid":{"rendered":"http:\/\/jsdacores.pt\/front\/?p=6254"},"modified":"2020-08-21T19:20:22","modified_gmt":"2020-08-21T19:20:22","slug":"daniel-silva-reeleito-presidente-da-jsd-graciosa","status":"publish","type":"post","link":"http:\/\/jsdacores.pt\/front\/news\/daniel-silva-reeleito-presidente-da-jsd-graciosa\/","title":{"rendered":"Daniel Silva reeleito presidente da JSD Graciosa"},"content":{"rendered":"<h4>Daniel Silva foi reeleito l\u00edder da Comiss\u00e3o Pol\u00edtica de Ilha da JSD Graciosa, na \u00faltima quinta-feira, 20 de agosto.<\/h4>\n<p>De acordo com a estrutura agora eleita, \u201ca JSD tem um papel importante na liga\u00e7\u00e3o entre os jovens e a pol\u00edtica, que hoje em dia \u00e9 fundamental para podermos preparar o futuro onde os jovens tamb\u00e9m sejam parte da solu\u00e7\u00e3o\u201d.<\/p>\n<p>S\u00e3o v\u00e1rias as iniciativas que ao longo dos \u00faltimos anos t\u00eam feito parte da agenda da JSD Graciosa, \u201cmanter essas mesmas iniciativas \u00e9 manter a estrutura pr\u00f3xima da comunidade\u201d, garantiu o l\u00edder da estrutura.<\/p>\n<p>\u201cEste e o pr\u00f3ximo ano s\u00e3o de extrema import\u00e2ncia para todos os A\u00e7orianos e a JSD Graciosa estar\u00e1 ao lado do partido para, juntos, poderem ser uma alternativa a um sistema de governa\u00e7\u00e3o exausto, finalizou Daniel Silva.<\/p>\n","protected":false},"excerpt":{"rendered":"<p>Daniel Silva foi reeleito l\u00edder da Comiss\u00e3o Pol\u00edtica de Ilha da JSD Graciosa, na \u00faltima quinta-feira, 20 de agosto. De acordo com a estrutura agora eleita,<span class=\"excerpt-hellip\"> [\u2026]<\/span><\/p>\n","protected":false},"author":3,"featured_media":6255,"comment_status":"open","ping_status":"open","sticky":false,"template":"","format":"standard","meta":{"spay_email":"","footnotes":"","jetpack_publicize_message":"","jetpack_is_tweetstorm":false,"jetpack_publicize_feature_enabled":true},"categories":[11,24],"tags":[],"class_list":["post-6254","post","type-post","status-publish","format-standard","has-post-thumbnail","hentry","category-news","category-jotalocal"],"jetpack_featured_media_url":"https:\/\/i0.wp.com\/jsdacores.pt\/front\/wp-content\/uploads\/2020\/08\/1da00120694d49eec9d79bb2c0312913.jpeg?fit=800%2C439","jetpack_publicize_connections":[],"jetpack_sharing_enabled":true,"jetpack_shortlink":"https:\/\/wp.me\/p8wvZV-1CS","_links":{"self":[{"href":"http:\/\/jsdacores.pt\/front\/wp-json\/wp\/v2\/posts\/6254","targetHints":{"allow":["GET"]}}],"collection":[{"href":"http:\/\/jsdacores.pt\/front\/wp-json\/wp\/v2\/posts"}],"about":[{"href":"http:\/\/jsdacores.pt\/front\/wp-json\/wp\/v2\/types\/post"}],"author":[{"embeddable":true,"href":"http:\/\/jsdacores.pt\/front\/wp-json\/wp\/v2\/users\/3"}],"replies":[{"embeddable":true,"href":"http:\/\/jsdacores.pt\/front\/wp-json\/wp\/v2\/comments?post=6254"}],"version-history":[{"count":1,"href":"http:\/\/jsdacores.pt\/front\/wp-json\/wp\/v2\/posts\/6254\/revisions"}],"predecessor-version":[{"id":6256,"href":"http:\/\/jsdacores.pt\/front\/wp-json\/wp\/v2\/posts\/6254\/revisions\/6256"}],"wp:featuredmedia":[{"embeddable":true,"href":"http:\/\/jsdacores.pt\/front\/wp-json\/wp\/v2\/media\/6255"}],"wp:attachment":[{"href":"http:\/\/jsdacores.pt\/front\/wp-json\/wp\/v2\/media?parent=6254"}],"wp:term":[{"taxonomy":"category","embeddable":true,"href":"http:\/\/jsdacores.pt\/front\/wp-json\/wp\/v2\/categories?post=6254"},{"taxonomy":"post_tag","embeddable":true,"href":"http:\/\/jsdacores.pt\/front\/wp-json\/wp\/v2\/tags?post=6254"}],"curies":[{"name":"wp","href":"https:\/\/api.w.org\/{rel}","templated":true}]}}