{"id":6264,"date":"2020-08-24T19:20:31","date_gmt":"2020-08-24T19:20:31","guid":{"rendered":"http:\/\/jsdacores.pt\/front\/?p=6264"},"modified":"2020-08-24T19:42:04","modified_gmt":"2020-08-24T19:42:04","slug":"setima-edicao-da-universidade-de-verao-da-jsd-em-formato-digital","status":"publish","type":"post","link":"http:\/\/jsdacores.pt\/front\/news\/setima-edicao-da-universidade-de-verao-da-jsd-em-formato-digital\/","title":{"rendered":"S\u00e9tima edi\u00e7\u00e3o da Universidade de Ver\u00e3o da JSD em formato digital"},"content":{"rendered":"<h4>Foi esta segunda-feira, 24 de agosto, apresentada a edi\u00e7\u00e3o de 2020 da Universidade de Ver\u00e3o da JSD A\u00e7ores. Este ano, as aulas ser\u00e3o feitas em formato digital.<\/h4>\n<p>O presidente da JSD A\u00e7ores e candidato \u00e0 Assembleia Legislativa Regional referiu que este \u00e9 o continuar da aposta da JSD e do PSD na forma\u00e7\u00e3o c\u00edvica e pol\u00edtica dos jovens da Regi\u00e3o.<\/p>\n<p>Fl\u00e1vio Soares explicou esta edi\u00e7\u00e3o da Universidade de Ver\u00e3o, vai acontecer numa transmiss\u00e3o realizada a partir da Ilha Graciosa, estando, de forma presencial, apenas os oradores da pr\u00f3pria ilha, os moderadores e os presidentes do PSD e da JSD\/A\u00e7ores.<\/p>\n<p>Segundo Fl\u00e1vio Soares, o formato diferente \u201cjustifica-se pelas circunst\u00e2ncias at\u00edpicas relativas \u00e0 pandemia\u201d, tendo destacado que a Universidade de Ver\u00e3o j\u00e1 decorreu em S\u00e3o Miguel, S\u00e3o Jorge, Terceira, Pico, Santa Maria e Faial, \u201csempre com um claro reconhecimento das capacidades e potencialidades de cada uma das nossas ilhas\u201d.<\/p>\n<p>\u201cPela Universidade de Ver\u00e3o j\u00e1 passaram cerca de 200 jovens a\u00e7orianos, sendo a maior escola de forma\u00e7\u00e3o pol\u00edtica e c\u00edvica dos A\u00e7ores\u201d, refor\u00e7ou o l\u00edder regional da JSD, explicando que a edi\u00e7\u00e3o deste ano \u201c\u00e9 especialmente dedicada a todos os que j\u00e1 participaram nas anteriores edi\u00e7\u00f5es\u201d.<\/p>\n<p>Haver\u00e1 tr\u00eas pain\u00e9is de debate sobre o turismo de sa\u00fade, as energias renov\u00e1veis e o exponencial dos produtos locais, contando esta edi\u00e7\u00e3o tamb\u00e9m com visitas de estudo virtuais.<\/p>\n<p>Segundo Fl\u00e1vio Soares, a Universidade de Ver\u00e3o tem vindo, ano ap\u00f3s ano, \u201ca criar credibilidade junto dos jovens e da popula\u00e7\u00e3o a\u00e7oriana como uma grande escola\u201d, sendo \u201ca maior iniciativa realizada por uma juventude partid\u00e1ria a n\u00edvel regional\u201d.<\/p>\n<p>\u201cDamos um claro contributo \u00e0 nossa regi\u00e3o e ao PSD\/A\u00e7ores, com uma iniciativa de todos e para todos os jovens dos A\u00e7ores, independentemente da cor partid\u00e1ria\u201d, disse ainda o l\u00edder regional da JSD, salientando \u201cum claro sinal de abertura do partido \u00e0 sociedade, uma vez que grande parte dos participantes nem s\u00e3o militantes do PSD ou da JSD\u201d, concluiu.<\/p>\n<p>Na confer\u00eancia de imprensa, apresentada em S\u00e3o Miguel, Jos\u00e9 Manuel Bolieiro reconheceu \u201co dinamismo e o trabalho di\u00e1rio da JSD\/A\u00e7ores, em representa\u00e7\u00e3o dos jovens de todas as ilhas. Deve continuar a faz\u00ea-lo e a representar a juventude livre e ambiciosa do arquip\u00e9lago\u201d, sublinhou.<\/p>\n<p>O candidato do PSD\/A\u00e7ores a Presidente do Governo lembrou mesmo que a organiza\u00e7\u00e3o de juventude do partido \u201c\u00e9 aut\u00f3noma, e \u00e9 l\u00edder na participa\u00e7\u00e3o dos jovens na pol\u00edtica, como acontece com a organiza\u00e7\u00e3o da Universidade de Ver\u00e3o\u201d.<\/p>\n<p>\u201cTratam-se de verdadeiras escolas de forma\u00e7\u00e3o pol\u00edtica e c\u00edvica, que honram a juventude e o PSD\/A\u00e7ores, potenciando a apari\u00e7\u00e3o de novos l\u00edderes para a nossa sociedade e introduz novos temas para reflex\u00e3o e debate dos jovens a\u00e7orianos\u201d, adiantou Jos\u00e9 Manuel Bolieiro.<\/p>\n","protected":false},"excerpt":{"rendered":"<p>Foi esta segunda-feira, 24 de agosto, apresentada a edi\u00e7\u00e3o de 2020 da Universidade de Ver\u00e3o da JSD A\u00e7ores. Este ano, as aulas ser\u00e3o feitas em formato<span class=\"excerpt-hellip\"> [\u2026]<\/span><\/p>\n","protected":false},"author":3,"featured_media":6262,"comment_status":"open","ping_status":"open","sticky":false,"template":"","format":"image","meta":{"spay_email":"","footnotes":"","jetpack_publicize_message":"","jetpack_is_tweetstorm":false,"jetpack_publicize_feature_enabled":true},"categories":[11],"tags":[],"class_list":["post-6264","post","type-post","status-publish","format-image","has-post-thumbnail","hentry","category-news","post_format-post-format-image"],"jetpack_featured_media_url":"https:\/\/i0.wp.com\/jsdacores.pt\/front\/wp-content\/uploads\/2020\/08\/UV2020.jpg?fit=1024%2C683","jetpack_publicize_connections":[],"jetpack_sharing_enabled":true,"jetpack_shortlink":"https:\/\/wp.me\/p8wvZV-1D2","_links":{"self":[{"href":"http:\/\/jsdacores.pt\/front\/wp-json\/wp\/v2\/posts\/6264","targetHints":{"allow":["GET"]}}],"collection":[{"href":"http:\/\/jsdacores.pt\/front\/wp-json\/wp\/v2\/posts"}],"about":[{"href":"http:\/\/jsdacores.pt\/front\/wp-json\/wp\/v2\/types\/post"}],"author":[{"embeddable":true,"href":"http:\/\/jsdacores.pt\/front\/wp-json\/wp\/v2\/users\/3"}],"replies":[{"embeddable":true,"href":"http:\/\/jsdacores.pt\/front\/wp-json\/wp\/v2\/comments?post=6264"}],"version-history":[{"count":2,"href":"http:\/\/jsdacores.pt\/front\/wp-json\/wp\/v2\/posts\/6264\/revisions"}],"predecessor-version":[{"id":6266,"href":"http:\/\/jsdacores.pt\/front\/wp-json\/wp\/v2\/posts\/6264\/revisions\/6266"}],"wp:featuredmedia":[{"embeddable":true,"href":"http:\/\/jsdacores.pt\/front\/wp-json\/wp\/v2\/media\/6262"}],"wp:attachment":[{"href":"http:\/\/jsdacores.pt\/front\/wp-json\/wp\/v2\/media?parent=6264"}],"wp:term":[{"taxonomy":"category","embeddable":true,"href":"http:\/\/jsdacores.pt\/front\/wp-json\/wp\/v2\/categories?post=6264"},{"taxonomy":"post_tag","embeddable":true,"href":"http:\/\/jsdacores.pt\/front\/wp-json\/wp\/v2\/tags?post=6264"}],"curies":[{"name":"wp","href":"https:\/\/api.w.org\/{rel}","templated":true}]}}