{"id":6273,"date":"2020-08-31T10:38:43","date_gmt":"2020-08-31T10:38:43","guid":{"rendered":"http:\/\/jsdacores.pt\/front\/?p=6273"},"modified":"2020-08-31T10:38:43","modified_gmt":"2020-08-31T10:38:43","slug":"uv-2020-flavio-soares-pede-valorizacao-da-juventude","status":"publish","type":"post","link":"http:\/\/jsdacores.pt\/front\/news\/uv-2020-flavio-soares-pede-valorizacao-da-juventude\/","title":{"rendered":"UV 2020. Fl\u00e1vio Soares pede valoriza\u00e7\u00e3o da juventude"},"content":{"rendered":"<p class=\"p1\"><strong>Fl\u00e1vio Soares, presidente da JSD\/A\u00e7ores, refor\u00e7ou que \u201ca juventude a\u00e7oriana n\u00e3o est\u00e1 desinteressada, ao contr\u00e1rio do que muitos dizem\u201d, defendendo que \u201c\u00e9 preciso valorizar, aproximar e reconhecer o potencial trabalho que cada jovem poder\u00e1 fazer pelos A\u00e7ores\u201d.<\/strong><\/p>\n<p class=\"p1\">O candidato \u00e0 Assembleia Legislativa Regional falava na sess\u00e3o de encerramento da 7\u00aa Universidade de Ver\u00e3o da JSD A\u00e7ores, realizada na ilha Graciosa e divulgada via online.<\/p>\n<p class=\"p1\">\u201cInfelizmente, temos um Partido Socialista que se esquece desses jovens, que toma medidas f\u00e1ceis e avulsas, e chama-lhes pol\u00edtica de juventude. A JSD e o PSD\/A\u00e7ores n\u00e3o t\u00eam medo de arriscar e apresentam propostas inovadoras, porque temos juventude em todas as nossas pol\u00edticas\u201d, real\u00e7ou Fl\u00e1vio Soares.<\/p>\n<p class=\"p1\">E sobre a participa\u00e7\u00e3o pol\u00edtica dos jovens, o dirigente reclamou a realiza\u00e7\u00e3o urgente de uma reuni\u00e3o conselho de Juventude dos A\u00e7ores, um \u00f3rg\u00e3o que n\u00e3o re\u00fane h\u00e1 mais de 10 meses, para discutir a abertura do ano letivo, perante as d\u00favidas relativas ao seu arranque. \u00c9 tamb\u00e9m preciso ouvir os jovens sobre a agenda para o relan\u00e7amento Social e Econ\u00f3mico dos A\u00e7ores\u201d, prop\u00f4s.<\/p>\n<p class=\"p1\">\u201cN\u00e3o basta apregoar que se conta com a juventude quando a ela n\u00e3o s\u00e3o dadas oportunidades de crescimento e aprendizagem\u201d, disse Fl\u00e1vio Soares. O presidente da JSD<span class=\"Apple-converted-space\">\u00a0 <\/span>destacou \u201cos cerca de 200 jovens das nove ilhas da nossa regi\u00e3o que, desde 2014, participaram na Universidade de Ver\u00e3o, fazendo deste evento a maior escola de forma\u00e7\u00e3o pol\u00edtica e c\u00edvica dos A\u00e7ores\u201d.<\/p>\n<p class=\"p1\">Entre todos os participantes, \u201cs\u00e3o muitos os exemplos de jovens que contribuem ativamente para a sua freguesia ou para o seu concelho ou mesmo para a nossa regi\u00e3o, ingressando como dirigentes de associa\u00e7\u00f5es, organiza\u00e7\u00f5es e at\u00e9 envolvendo-se na vida pol\u00edtica\u201d, recordou.<\/p>\n<p class=\"p1\">Fl\u00e1vio Soares lembrou que \u201cfoi o PS a permitir que, nos A\u00e7ores, a taxa de desemprego jovem chegasse aos 33% em 2018, ou que o abandono precoce na educa\u00e7\u00e3o e forma\u00e7\u00e3o fosse de 27% em 2019, quanto a n\u00edvel nacional era de apenas 10,6%\u201d.<\/p>\n<p class=\"p1\">\u201cEste \u00e9 o cen\u00e1rio de uma regi\u00e3o abandonada, onde a preocupa\u00e7\u00e3o est\u00e1 apenas direcionada para manter o poder\u201d, alertou, dizendo que, \u201cface um governo que n\u00e3o se preocupa com as pessoas e que est\u00e1 parado no tempo, n\u00f3s temos sabidos envolver os jovens, temos sabido auscult\u00e1-los, e temos propostas s\u00e9rias e claras relacionadas com a juventude no programa eleitoral do PSD\/A\u00e7ores, concluiu.<\/p>\n<p class=\"p1\">Durante a sess\u00e3o de encerramento da academia, Jos\u00e9 Manuel Bolieiro, presidente do PSD A\u00e7ores, mostrou-se \u201cmuito confiante na juventude das nossas ilhas\u201d para levar a cabo \u201ca mudan\u00e7a que a Regi\u00e3o precisa, assente na altern\u00e2ncia democr\u00e1tica, criando um novo ciclo\u201d, afirmou.<\/p>\n<p class=\"p1\">Na sua interven\u00e7\u00e3o, o l\u00edder social democrata fez uma pelo \u201c\u00e0 participa\u00e7\u00e3o dos jovens na vida p\u00fablica, permitindo uma liberta\u00e7\u00e3o da sociedade perante os riscos da submiss\u00e3o, conquistando a soberania do povo\u201d. Jos\u00e9 Manuel Bolieiro, aproveitou a sess\u00e3o para anunciar a mandat\u00e1ria jovem da candidatura social democrata: Francisca Martins Aguiar, estudante de 18 anos, da ilha Terceira.<\/p>\n<p class=\"p1\">\u201cA altern\u00e2ncia democr\u00e1tica ajuda a que o povo seja soberano e o poder submisso, e n\u00e3o o contr\u00e1rio\u201d, disse Jos\u00e9 Manuel Bolieiro, aludindo a \u201c24 anos de poder sufocante do PS em continuidade est\u00e3o procurando transformar o seu poder em soberano\u201d, o que o PSD e a JSD\/A\u00e7ores \u201ctudo far\u00e3o para contrariar\u201d, afirmou.<\/p>\n<p class=\"p1\">E salientou a alargada presen\u00e7a de juventude nas listas do partido, \u201conde se destaca o l\u00edder da JSD\/A\u00e7ores, o Fl\u00e1vio Soares, e onde real\u00e7o igualmente que \u00e9 um jovem [Lu\u00eds Filipe Pimentel] que encabe\u00e7a a lista da ilha do Corvo, numa prova de que esta onda de confian\u00e7a conta com todos\u201d, referiu.<\/p>\n<p class=\"p1\">Os novos temas centrais da atualidade foram abordados pelo candidato social democrata, considerando que o empreendedorismo e autonomia energ\u00e9tica das ilhas \u201cs\u00e3o \u00e1reas fundamentais para nelas exercermos uma democracia ativa, que via um futuro pr\u00f3ximo de desenvolvimento do arquip\u00e9lago\u201d.<\/p>\n<p class=\"p1\">Jos\u00e9 Manuel Bolieiro recordou a necessidade de uma estrat\u00e9gia de coopera\u00e7\u00e3o financeira e t\u00e9cnica \u201centre a administra\u00e7\u00e3o regional e o poder local democr\u00e1tico aut\u00f3nomo, coisa que n\u00e3o tem acontecido nos \u00faltimos 20 anos, em que se assiste a uma manipula\u00e7\u00e3o que urge ver terminada\u201d, frisou\u201d.<\/p>\n<p class=\"p1\">O l\u00edder social democrata real\u00e7ou mesmo \u201ca lideran\u00e7a efetiva que a JSD\/A\u00e7ores leva na participa\u00e7\u00e3o dos jovens na pol\u00edtica\u201d, uma que aquela organiza\u00e7\u00e3o de juventude \u201cn\u00e3o serve apenas para angariar militantes ou animar campanhas eleitorais, mas sim para despertar os jovens na sua participa\u00e7\u00e3o c\u00edvica, o que tem feito com ambi\u00e7\u00e3o e bons resultados\u201d, disse.<\/p>\n<p class=\"p1\">\u201cUm desses exemplos foi novamente esta escola de forma\u00e7\u00e3o pol\u00edtica que \u00e9 a Universidade de Ver\u00e3o, que tem sido uma refer\u00eancia, at\u00e9 ao n\u00edvel da descentraliza\u00e7\u00e3o geogr\u00e1fica na nossa regi\u00e3o. Permite-nos ter um pensamento global, projetado em todas as localidades e ilhas\u201d, acrescentou.<\/p>\n","protected":false},"excerpt":{"rendered":"<p>Fl\u00e1vio Soares, presidente da JSD\/A\u00e7ores, refor\u00e7ou que \u201ca juventude a\u00e7oriana n\u00e3o est\u00e1 desinteressada, ao contr\u00e1rio do que muitos dizem\u201d, defendendo que \u201c\u00e9 preciso valorizar, aproximar e<span class=\"excerpt-hellip\"> [\u2026]<\/span><\/p>\n","protected":false},"author":3,"featured_media":6274,"comment_status":"open","ping_status":"open","sticky":false,"template":"","format":"image","meta":{"spay_email":"","footnotes":"","jetpack_publicize_message":"","jetpack_is_tweetstorm":false,"jetpack_publicize_feature_enabled":true},"categories":[11,22],"tags":[],"class_list":["post-6273","post","type-post","status-publish","format-image","has-post-thumbnail","hentry","category-news","category-uv-acores","post_format-post-format-image"],"jetpack_featured_media_url":"https:\/\/i0.wp.com\/jsdacores.pt\/front\/wp-content\/uploads\/2020\/08\/4E7A1707.jpg?fit=1300%2C867","jetpack_publicize_connections":[],"jetpack_sharing_enabled":true,"jetpack_shortlink":"https:\/\/wp.me\/p8wvZV-1Db","_links":{"self":[{"href":"http:\/\/jsdacores.pt\/front\/wp-json\/wp\/v2\/posts\/6273","targetHints":{"allow":["GET"]}}],"collection":[{"href":"http:\/\/jsdacores.pt\/front\/wp-json\/wp\/v2\/posts"}],"about":[{"href":"http:\/\/jsdacores.pt\/front\/wp-json\/wp\/v2\/types\/post"}],"author":[{"embeddable":true,"href":"http:\/\/jsdacores.pt\/front\/wp-json\/wp\/v2\/users\/3"}],"replies":[{"embeddable":true,"href":"http:\/\/jsdacores.pt\/front\/wp-json\/wp\/v2\/comments?post=6273"}],"version-history":[{"count":1,"href":"http:\/\/jsdacores.pt\/front\/wp-json\/wp\/v2\/posts\/6273\/revisions"}],"predecessor-version":[{"id":6275,"href":"http:\/\/jsdacores.pt\/front\/wp-json\/wp\/v2\/posts\/6273\/revisions\/6275"}],"wp:featuredmedia":[{"embeddable":true,"href":"http:\/\/jsdacores.pt\/front\/wp-json\/wp\/v2\/media\/6274"}],"wp:attachment":[{"href":"http:\/\/jsdacores.pt\/front\/wp-json\/wp\/v2\/media?parent=6273"}],"wp:term":[{"taxonomy":"category","embeddable":true,"href":"http:\/\/jsdacores.pt\/front\/wp-json\/wp\/v2\/categories?post=6273"},{"taxonomy":"post_tag","embeddable":true,"href":"http:\/\/jsdacores.pt\/front\/wp-json\/wp\/v2\/tags?post=6273"}],"curies":[{"name":"wp","href":"https:\/\/api.w.org\/{rel}","templated":true}]}}