{"id":6279,"date":"2020-09-01T11:53:30","date_gmt":"2020-09-01T11:53:30","guid":{"rendered":"http:\/\/jsdacores.pt\/front\/?p=6279"},"modified":"2020-09-10T11:40:09","modified_gmt":"2020-09-10T11:40:09","slug":"sao-jorge-flavio-soares-alerta-para-a-necessidade-de-emprego-qualificado","status":"publish","type":"post","link":"http:\/\/jsdacores.pt\/front\/news\/sao-jorge-flavio-soares-alerta-para-a-necessidade-de-emprego-qualificado\/","title":{"rendered":"S\u00e3o Jorge: Fl\u00e1vio Soares alerta para a necessidade de emprego qualificado"},"content":{"rendered":"<h4>O presidente da JSD A\u00e7ores realizou na passada quinta-feira, 20 de agosto, uma visita \u00e0 ilha de S\u00e3o Jorge depois de v\u00e1rios contactos com associa\u00e7\u00f5es de juventude e com as estruturas da JSD de S\u00e3o Jorge.<\/h4>\n<p>\u201cJ\u00e1 em 2018, em visita \u00e0 ilha de S\u00e3o Jorge, a JSD A\u00e7ores tinha alertado para a falta de emprego qualificado e para a falta de oportunidades nas ilhas vulner\u00e1veis\u201d, come\u00e7ou por alertar o presidente da JSD A\u00e7ores. \u201cContinuamos na mesma: h\u00e1 uma necessidade urgente de criar pol\u00edticas para a fixa\u00e7\u00e3o de jovens, algo que nem o governo regional, nem as autarquias jorgenses est\u00e3o a saber fazer\u201d, criticou.<\/p>\n<p>N\u00e3o podemos estar \u00e0 espera que s\u00f3 o carinho que um jovem jorgense sinta pela sua terra o fa\u00e7a voltar e fixar-se na sua ilha, se consegue melhores condi\u00e7\u00f5es noutras ilhas, no continente portugu\u00eas ou at\u00e9 no estrangeiro\u201d, referiu Fl\u00e1vio Soares. \u201cSe o Governo n\u00e3o olhar para os jovens, esta pode mesmo vir a ser uma gera\u00e7\u00e3o em eternas dificuldades\u201d, denunciou.<\/p>\n<p>Para Fl\u00e1vio Soares, \u201cum dos caminhos para uma boa adequa\u00e7\u00e3o das pol\u00edticas \u00e0s realidades de cada ilha \u00e9 ouvir as associa\u00e7\u00f5es de juventude\u201d. \u201cEstes organismos devem sempre ser auscultados quando tomadas decis\u00f5es para a juventude\u201d, referiu.<\/p>\n<p>Recorde-se que Sofia Tereso, coordenadora do gabinete do ensino superior da JSD A\u00e7ores e presidente da JSD Velas, \u00e9 tamb\u00e9m candidata da JSD pelo c\u00edrculo eleitoral de S\u00e3o Jorge.<\/p>\n","protected":false},"excerpt":{"rendered":"<p>O presidente da JSD A\u00e7ores realizou na passada quinta-feira, 20 de agosto, uma visita \u00e0 ilha de S\u00e3o Jorge depois de v\u00e1rios contactos com associa\u00e7\u00f5es de<span class=\"excerpt-hellip\"> [\u2026]<\/span><\/p>\n","protected":false},"author":3,"featured_media":6281,"comment_status":"open","ping_status":"open","sticky":false,"template":"","format":"image","meta":{"spay_email":"","footnotes":"","jetpack_publicize_message":"","jetpack_is_tweetstorm":false,"jetpack_publicize_feature_enabled":true},"categories":[11],"tags":[35,36,34],"class_list":["post-6279","post","type-post","status-publish","format-image","has-post-thumbnail","hentry","category-news","tag-associacoes","tag-juventude","tag-sao-jorge","post_format-post-format-image"],"jetpack_featured_media_url":"https:\/\/i0.wp.com\/jsdacores.pt\/front\/wp-content\/uploads\/2020\/09\/XVOS9721.jpeg?fit=1920%2C1440","jetpack_publicize_connections":[],"jetpack_sharing_enabled":true,"jetpack_shortlink":"https:\/\/wp.me\/p8wvZV-1Dh","_links":{"self":[{"href":"http:\/\/jsdacores.pt\/front\/wp-json\/wp\/v2\/posts\/6279","targetHints":{"allow":["GET"]}}],"collection":[{"href":"http:\/\/jsdacores.pt\/front\/wp-json\/wp\/v2\/posts"}],"about":[{"href":"http:\/\/jsdacores.pt\/front\/wp-json\/wp\/v2\/types\/post"}],"author":[{"embeddable":true,"href":"http:\/\/jsdacores.pt\/front\/wp-json\/wp\/v2\/users\/3"}],"replies":[{"embeddable":true,"href":"http:\/\/jsdacores.pt\/front\/wp-json\/wp\/v2\/comments?post=6279"}],"version-history":[{"count":2,"href":"http:\/\/jsdacores.pt\/front\/wp-json\/wp\/v2\/posts\/6279\/revisions"}],"predecessor-version":[{"id":6290,"href":"http:\/\/jsdacores.pt\/front\/wp-json\/wp\/v2\/posts\/6279\/revisions\/6290"}],"wp:featuredmedia":[{"embeddable":true,"href":"http:\/\/jsdacores.pt\/front\/wp-json\/wp\/v2\/media\/6281"}],"wp:attachment":[{"href":"http:\/\/jsdacores.pt\/front\/wp-json\/wp\/v2\/media?parent=6279"}],"wp:term":[{"taxonomy":"category","embeddable":true,"href":"http:\/\/jsdacores.pt\/front\/wp-json\/wp\/v2\/categories?post=6279"},{"taxonomy":"post_tag","embeddable":true,"href":"http:\/\/jsdacores.pt\/front\/wp-json\/wp\/v2\/tags?post=6279"}],"curies":[{"name":"wp","href":"https:\/\/api.w.org\/{rel}","templated":true}]}}