{"id":6285,"date":"2020-09-10T10:27:49","date_gmt":"2020-09-10T10:27:49","guid":{"rendered":"http:\/\/jsdacores.pt\/front\/?p=6285"},"modified":"2020-09-10T11:38:34","modified_gmt":"2020-09-10T11:38:34","slug":"faial-jsd-acores-critica-falta-de-igualdade-de-oportunidades-dos-jovens-acorianos","status":"publish","type":"post","link":"http:\/\/jsdacores.pt\/front\/news\/faial-jsd-acores-critica-falta-de-igualdade-de-oportunidades-dos-jovens-acorianos\/","title":{"rendered":"Faial: JSD A\u00e7ores critica falta de igualdade de oportunidades dos jovens a\u00e7orianos"},"content":{"rendered":"<p><strong>Fl\u00e1vio Soares criticou \u201ca falta de liberdade em aceder a oportunidades dos jovens a\u00e7orianos\u201d. A cr\u00edtica foi feita no \u00e2mbito da visita do Presidente da JSD A\u00e7ores \u00e0 ilha do Faial, no passado m\u00eas de Agosto.<\/strong><\/p>\n<p>\u201cFoi claro o demonstrar de descontentamento dos jovens do Faial quando falamos em igualdade de oportunidades: n\u00e3o as h\u00e1\u201d. \u201cA falta de liberdade \u00e9 um motivo castrador da participa\u00e7\u00e3o dos jovens em organiza\u00e7\u00f5es, institui\u00e7\u00f5es e at\u00e9 na causa publica\u201d, denunciou o jovem social-democrata.<\/p>\n<p>Durante a visita o tamb\u00e9m candidato \u00e0 Assembleia Legislativa da Regi\u00e3o Aut\u00f3noma dos A\u00e7ores refor\u00e7ou a necessidade \u201cde o Governo Regional priorizar a cria\u00e7\u00e3o de emprego para os mais jovens em rela\u00e7\u00e3o ao Faial\u201d. \u201cO governo n\u00e3o pode ficar contente ao apresentar n\u00fameros do desemprego descendentes, se o que faz \u00e9 ocupar sucessivamente jovens em programas ocupacionais\u201d, criticou o social-democrata.<\/p>\n<p>Para Fl\u00e1vio Soares, \u201co setor tur\u00edstico \u00e9 uma das \u00e1reas de maior destaque para a cria\u00e7\u00e3o de emprego, mas apostar tanto no setor agr\u00edcola como na economia azul pode funcionar como mecanismo de mudan\u00e7a para a juventude do Faial\u201d.<\/p>\n<p>\u201cSem uma verdadeira pol\u00edtica de incentivo na fixa\u00e7\u00e3o de jovens, com benef\u00edcios para a estabilidade laboral e familiar, o desenvolvimento do Faial e da Regi\u00e3o pode estar comprometido\u201d, finalizou Fl\u00e1vio Soares.<\/p>\n<p>Durante a visita, Fl\u00e1vio Soares foi acompanhado por Miguel Ferreira, conselheiro regional da JSD, tamb\u00e9m candidato \u00e0 Assembleia Legislativa Regional, pelo c\u00edrculo eleitoral do Faial.<\/p>\n","protected":false},"excerpt":{"rendered":"<p>Fl\u00e1vio Soares criticou \u201ca falta de liberdade em aceder a oportunidades dos jovens a\u00e7orianos\u201d. A cr\u00edtica foi feita no \u00e2mbito da visita do Presidente da JSD<span class=\"excerpt-hellip\"> [\u2026]<\/span><\/p>\n","protected":false},"author":3,"featured_media":6286,"comment_status":"open","ping_status":"open","sticky":false,"template":"","format":"image","meta":{"spay_email":"","footnotes":"","jetpack_publicize_message":"","jetpack_is_tweetstorm":false,"jetpack_publicize_feature_enabled":true},"categories":[11],"tags":[38,37,39],"class_list":["post-6285","post","type-post","status-publish","format-image","has-post-thumbnail","hentry","category-news","tag-desemprego","tag-faial","tag-liberdade","post_format-post-format-image"],"jetpack_featured_media_url":"https:\/\/i0.wp.com\/jsdacores.pt\/front\/wp-content\/uploads\/2020\/09\/WhatsApp-Image-2020-08-21-at-14.42.23.jpeg?fit=1920%2C1440","jetpack_publicize_connections":[],"jetpack_sharing_enabled":true,"jetpack_shortlink":"https:\/\/wp.me\/p8wvZV-1Dn","_links":{"self":[{"href":"http:\/\/jsdacores.pt\/front\/wp-json\/wp\/v2\/posts\/6285","targetHints":{"allow":["GET"]}}],"collection":[{"href":"http:\/\/jsdacores.pt\/front\/wp-json\/wp\/v2\/posts"}],"about":[{"href":"http:\/\/jsdacores.pt\/front\/wp-json\/wp\/v2\/types\/post"}],"author":[{"embeddable":true,"href":"http:\/\/jsdacores.pt\/front\/wp-json\/wp\/v2\/users\/3"}],"replies":[{"embeddable":true,"href":"http:\/\/jsdacores.pt\/front\/wp-json\/wp\/v2\/comments?post=6285"}],"version-history":[{"count":3,"href":"http:\/\/jsdacores.pt\/front\/wp-json\/wp\/v2\/posts\/6285\/revisions"}],"predecessor-version":[{"id":6289,"href":"http:\/\/jsdacores.pt\/front\/wp-json\/wp\/v2\/posts\/6285\/revisions\/6289"}],"wp:featuredmedia":[{"embeddable":true,"href":"http:\/\/jsdacores.pt\/front\/wp-json\/wp\/v2\/media\/6286"}],"wp:attachment":[{"href":"http:\/\/jsdacores.pt\/front\/wp-json\/wp\/v2\/media?parent=6285"}],"wp:term":[{"taxonomy":"category","embeddable":true,"href":"http:\/\/jsdacores.pt\/front\/wp-json\/wp\/v2\/categories?post=6285"},{"taxonomy":"post_tag","embeddable":true,"href":"http:\/\/jsdacores.pt\/front\/wp-json\/wp\/v2\/tags?post=6285"}],"curies":[{"name":"wp","href":"https:\/\/api.w.org\/{rel}","templated":true}]}}