{"id":6305,"date":"2020-12-13T20:36:51","date_gmt":"2020-12-13T20:36:51","guid":{"rendered":"http:\/\/jsdacores.pt\/front\/?p=6305"},"modified":"2020-12-13T20:38:37","modified_gmt":"2020-12-13T20:38:37","slug":"jsd-terceira-realizou-um-inquerito-sobre-a-juventude-da-ilha","status":"publish","type":"post","link":"http:\/\/jsdacores.pt\/front\/news\/jsd-terceira-realizou-um-inquerito-sobre-a-juventude-da-ilha\/","title":{"rendered":"JSD Terceira realizou um inqu\u00e9rito sobre a juventude da ilha"},"content":{"rendered":"<h4>A JSD Terceira elaborou um inqu\u00e9rito aos jovens terceirenses. \u201cJuntos a Pensar o Futuro\u201d pretendeu recolher opini\u00f5es e sugest\u00f5es sobre a vida da juventude da ilha Terceira.<\/h4>\n<p>Raquel Mendon\u00e7a explicou que \u201ca forma\u00e7\u00e3o e o emprego foram os setores mais criticados e onde se centraram as reivindica\u00e7\u00f5es\u201d. \u201cEstes s\u00e3o dois alicerces apontados como essenciais \u00e0 fixa\u00e7\u00e3o de jovens nos A\u00e7ores e o vinculo de garantir estabilidade de vida dos jovens\u201d, referiu.<\/p>\n<p>\u201c \u2018Falta de emprego\u2019, \u2018encontrar um emprego na minha \u00e1rea, com um ordenado proporcional \u00e0 minha forma\u00e7\u00e3o\u2019 e \u2018mais oportunidades de emprego para os jovens terceirenses\u2019 s\u00e3o alguns dos coment\u00e1rios que podemos ler nos inqu\u00e9ritos e que demonstram bem o peso da heran\u00e7a dos anteriores governos\u201d, criticou.<\/p>\n<p>De acordo com a l\u00edder da JSD Terceira, \u201cno inqu\u00e9rito, foi ainda questionada a oferta da Universidade dos A\u00e7ores e a necessidade do se apostar no Marketing interno, a pensar nos residentes, explorando possibilidades tecnol\u00f3gicas e compat\u00edveis com o ambiente\u201d.<\/p>\n<p>A presidente da estrutura explicou que participaram \u201cestudantes e trabalhadores, maioritariamente do sexo masculino, com idades compreendidas entre os 18 e os 27 anos, residentes na Ilha Terceira\u201d.<\/p>\n<p>A possibilidade de se poder entrar em contacto com a juventudes atrav\u00e9s de uma plataforma online de inqu\u00e9rito permitiu, segundo a l\u00edder da JSD Terceira, \u201cultrapassar, por um lado, a barreira do distanciamento social imposto pela pandemia e, por outro lado, sem medos ou receios de exposi\u00e7\u00e3o de identidade, dar a conhecer a vis\u00e3o dos jovens face ao caminho que tem vindo a ser trilhado\u201d.<\/p>\n<p>\u201cEspera-se, fruto de uma nova governa\u00e7\u00e3o, um rumo de invers\u00e3o desta realidade, colocando em pr\u00e1tica medidas que permitam, de uma vez por todas, fundar alicerces de que tanto precisam os jovens\u201d, frisou Raquel Mendon\u00e7a.<\/p>\n","protected":false},"excerpt":{"rendered":"<p>A JSD Terceira elaborou um inqu\u00e9rito aos jovens terceirenses. \u201cJuntos a Pensar o Futuro\u201d pretendeu recolher opini\u00f5es e sugest\u00f5es sobre a vida da juventude da ilha<span class=\"excerpt-hellip\"> [\u2026]<\/span><\/p>\n","protected":false},"author":3,"featured_media":6306,"comment_status":"open","ping_status":"open","sticky":false,"template":"","format":"standard","meta":{"spay_email":"","footnotes":"","jetpack_publicize_message":"","jetpack_is_tweetstorm":false,"jetpack_publicize_feature_enabled":true},"categories":[11,24],"tags":[52,53,51],"class_list":["post-6305","post","type-post","status-publish","format-standard","has-post-thumbnail","hentry","category-news","category-jotalocal","tag-inquerito","tag-jsd-terceira","tag-terceira"],"jetpack_featured_media_url":"https:\/\/i0.wp.com\/jsdacores.pt\/front\/wp-content\/uploads\/2020\/12\/118119118_3204042863005326_8769234488676635635_n.png?fit=1296%2C1728","jetpack_publicize_connections":[],"jetpack_sharing_enabled":true,"jetpack_shortlink":"https:\/\/wp.me\/p8wvZV-1DH","_links":{"self":[{"href":"http:\/\/jsdacores.pt\/front\/wp-json\/wp\/v2\/posts\/6305","targetHints":{"allow":["GET"]}}],"collection":[{"href":"http:\/\/jsdacores.pt\/front\/wp-json\/wp\/v2\/posts"}],"about":[{"href":"http:\/\/jsdacores.pt\/front\/wp-json\/wp\/v2\/types\/post"}],"author":[{"embeddable":true,"href":"http:\/\/jsdacores.pt\/front\/wp-json\/wp\/v2\/users\/3"}],"replies":[{"embeddable":true,"href":"http:\/\/jsdacores.pt\/front\/wp-json\/wp\/v2\/comments?post=6305"}],"version-history":[{"count":1,"href":"http:\/\/jsdacores.pt\/front\/wp-json\/wp\/v2\/posts\/6305\/revisions"}],"predecessor-version":[{"id":6307,"href":"http:\/\/jsdacores.pt\/front\/wp-json\/wp\/v2\/posts\/6305\/revisions\/6307"}],"wp:featuredmedia":[{"embeddable":true,"href":"http:\/\/jsdacores.pt\/front\/wp-json\/wp\/v2\/media\/6306"}],"wp:attachment":[{"href":"http:\/\/jsdacores.pt\/front\/wp-json\/wp\/v2\/media?parent=6305"}],"wp:term":[{"taxonomy":"category","embeddable":true,"href":"http:\/\/jsdacores.pt\/front\/wp-json\/wp\/v2\/categories?post=6305"},{"taxonomy":"post_tag","embeddable":true,"href":"http:\/\/jsdacores.pt\/front\/wp-json\/wp\/v2\/tags?post=6305"}],"curies":[{"name":"wp","href":"https:\/\/api.w.org\/{rel}","templated":true}]}}