{"id":6309,"date":"2020-12-23T15:54:08","date_gmt":"2020-12-23T15:54:08","guid":{"rendered":"http:\/\/jsdacores.pt\/front\/?p=6309"},"modified":"2020-12-23T15:54:08","modified_gmt":"2020-12-23T15:54:08","slug":"jsd-graciosa-entrega-cabaz-de-natal-a-instituicoes-de-solidariedade","status":"publish","type":"post","link":"http:\/\/jsdacores.pt\/front\/news\/jsd-graciosa-entrega-cabaz-de-natal-a-instituicoes-de-solidariedade\/","title":{"rendered":"JSD Graciosa entrega cabaz de Natal a institui\u00e7\u00f5es de solidariedade"},"content":{"rendered":"<h4>A JSD juntamente com o PSD da Graciosa vai entregar cabazes de Natal a duas institui\u00e7\u00f5es de solidariedade social.<\/h4>\n<p>\u201cVoltamos a celebrar esta quadra especial com uma atitude de solidariedade e de partilha como tem sido apan\u00e1gio nos \u00faltimos anos\u201d, referiu Daniel Lima.<\/p>\n<p>O presidente da estrutura explicou que este ano, \u201cos cabazes ser\u00e3o entregues \u00e0 CPCJ Santa Cruz da Graciosa e \u00e0 Cruz Vermelha, para que estas lhes possam dar como destino a mesa de uma fami\u0301lia Graciosense\u201d.<\/p>\n<p>\u201cA JSD Graciosa tem bem presente que so\u0301 poderemos viver bem em comunidade se todos os que nos rodeiam estiverem no conforto do seu lar com os bens essenciais para passar esta quadra que nos toca a todos de forma especial\u201d, real\u00e7ou Daniel Lima.<\/p>\n<p>De acordo com o l\u00edder da JSD Graciosa, \u201c\u00e9 intenc\u0327a\u0303o da estrutura continuar a ajudar desta forma em outras alturas do ano para que a nossa comunidade se torne ainda mais solida\u0301ria\u201d.<\/p>\n","protected":false},"excerpt":{"rendered":"<p>A JSD juntamente com o PSD da Graciosa vai entregar cabazes de Natal a duas institui\u00e7\u00f5es de solidariedade social. \u201cVoltamos a celebrar esta quadra especial com<span class=\"excerpt-hellip\"> [\u2026]<\/span><\/p>\n","protected":false},"author":3,"featured_media":6311,"comment_status":"open","ping_status":"open","sticky":false,"template":"","format":"image","meta":{"spay_email":"","footnotes":"","jetpack_publicize_message":"","jetpack_is_tweetstorm":false,"jetpack_publicize_feature_enabled":true},"categories":[11,24],"tags":[55,54,56,57],"class_list":["post-6309","post","type-post","status-publish","format-image","has-post-thumbnail","hentry","category-news","category-jotalocal","tag-cabaz","tag-graciosa","tag-natal","tag-solidariedade","post_format-post-format-image"],"jetpack_featured_media_url":"https:\/\/i0.wp.com\/jsdacores.pt\/front\/wp-content\/uploads\/2020\/12\/132392061_1317233458628725_8922189329128243141_n.png?fit=1080%2C1080","jetpack_publicize_connections":[],"jetpack_sharing_enabled":true,"jetpack_shortlink":"https:\/\/wp.me\/p8wvZV-1DL","_links":{"self":[{"href":"http:\/\/jsdacores.pt\/front\/wp-json\/wp\/v2\/posts\/6309","targetHints":{"allow":["GET"]}}],"collection":[{"href":"http:\/\/jsdacores.pt\/front\/wp-json\/wp\/v2\/posts"}],"about":[{"href":"http:\/\/jsdacores.pt\/front\/wp-json\/wp\/v2\/types\/post"}],"author":[{"embeddable":true,"href":"http:\/\/jsdacores.pt\/front\/wp-json\/wp\/v2\/users\/3"}],"replies":[{"embeddable":true,"href":"http:\/\/jsdacores.pt\/front\/wp-json\/wp\/v2\/comments?post=6309"}],"version-history":[{"count":1,"href":"http:\/\/jsdacores.pt\/front\/wp-json\/wp\/v2\/posts\/6309\/revisions"}],"predecessor-version":[{"id":6310,"href":"http:\/\/jsdacores.pt\/front\/wp-json\/wp\/v2\/posts\/6309\/revisions\/6310"}],"wp:featuredmedia":[{"embeddable":true,"href":"http:\/\/jsdacores.pt\/front\/wp-json\/wp\/v2\/media\/6311"}],"wp:attachment":[{"href":"http:\/\/jsdacores.pt\/front\/wp-json\/wp\/v2\/media?parent=6309"}],"wp:term":[{"taxonomy":"category","embeddable":true,"href":"http:\/\/jsdacores.pt\/front\/wp-json\/wp\/v2\/categories?post=6309"},{"taxonomy":"post_tag","embeddable":true,"href":"http:\/\/jsdacores.pt\/front\/wp-json\/wp\/v2\/tags?post=6309"}],"curies":[{"name":"wp","href":"https:\/\/api.w.org\/{rel}","templated":true}]}}