{"id":6313,"date":"2021-02-12T16:34:32","date_gmt":"2021-02-12T16:34:32","guid":{"rendered":"http:\/\/jsdacores.pt\/front\/?p=6313"},"modified":"2021-02-12T16:34:32","modified_gmt":"2021-02-12T16:34:32","slug":"jsd-acores-reafirma-que-defesa-da-juventude-esta-acima-dos-partidos","status":"publish","type":"post","link":"http:\/\/jsdacores.pt\/front\/news\/jsd-acores-reafirma-que-defesa-da-juventude-esta-acima-dos-partidos\/","title":{"rendered":"JSD\/A\u00e7ores reafirma que defesa da juventude est\u00e1 \u201cacima dos partidos\u201d"},"content":{"rendered":"<p><strong>A JSD\/A\u00e7ores refor\u00e7ou hoje que a sua a\u00e7\u00e3o pol\u00edtica se faz \u201cem prol da nossa juventude, com os interesses dos jovens a\u00e7orianos acima de qualquer interesse partid\u00e1rio. Acima de tudo\u201d, afirmaram.<\/strong><\/p>\n<p>A estrutura presidida por Fl\u00e1vio Soares sublinha que \u201c\u00e9 importante sabermos marcar as nossas posi\u00e7\u00f5es, n\u00e3o indo atr\u00e1s do Partido que \u00e9 nossa refer\u00eancia, apenas porque este \u00e9 agora Poder nos A\u00e7ores. Precisamos de uma juventude cr\u00edtica, que v\u00ea quando as coisas est\u00e3o bem, mas que tamb\u00e9m tenha posi\u00e7\u00e3o quando as coisas est\u00e3o menos bem, sem receios em assumir a sua posi\u00e7\u00e3o\u201d, dizem, numa nota de imprensa.<\/p>\n<p>Da\u00ed que a JSD\/A\u00e7ores veja, com entusiasmo que, \u201cap\u00f3s 24 anos &#8211; curiosamente os mesmos anos em que o PS governou a Regi\u00e3o &#8211; sem apresentar uma proposta s\u00e9ria e que fosse ao encontro das necessidades da juventude\u201d, a JS\/A\u00e7ores venha agora \u201cquerer defender os jovens a\u00e7orianos, apresentando at\u00e9 um plano de apoio ao movimento associativo na Regi\u00e3o\u201d.<\/p>\n<p>Os jovens social democratas lembram a sua atividade de propositura, que incluiu, em 2018, \u201cuma proposta para a requalifica\u00e7\u00e3o das resid\u00eancias estudantis em Portugal Continental, e para haver um maior investimento na constru\u00e7\u00e3o de outras resid\u00eancias, de forma a que os estudantes a\u00e7orianos pudessem beneficiar da rede nacional de residenciais estudantis, da responsabilidade do Governo da Rep\u00fablica do Partido Socialista, que at\u00e9 ao momento pouco ou nada fez para resolver essa problem\u00e1tica\u201d, lamentam.<\/p>\n<p>Recordam igualmente que, \u201cem 2019, na abertura da nossa Universidade de Ver\u00e3o, apresentamos outra proposta para a cria\u00e7\u00e3o de resid\u00eancias universit\u00e1rias para os estudantes a\u00e7orianos no Continente, que passava pela aquisi\u00e7\u00e3o de im\u00f3veis por parte do Governo Regional em grandes cidades como Lisboa, Porto ou Coimbra, cuja gest\u00e3o ficasse a cargo de estruturas ligadas \u00e0 comunidade a\u00e7oriana no continente, como as Casas dos A\u00e7ores. Ali\u00e1s, a Casa dos A\u00e7ores de Lisboa chegou a ter, em tempos, uma resid\u00eancia universit\u00e1ria\u201d, explica a JSD\/A\u00e7ores<\/p>\n<p>\u201cAo contr\u00e1rio da JS\/A\u00e7ores, que s\u00f3 apresenta propostas agora, por estar na oposi\u00e7\u00e3o\u201d, a JSD\/A\u00e7ores \u201cvai continuar a apresentar propostas com as solu\u00e7\u00f5es que acharmos necess\u00e1rias para servir a nossa juventude\u201d, concluem.<\/p>\n","protected":false},"excerpt":{"rendered":"<p>A JSD\/A\u00e7ores refor\u00e7ou hoje que a sua a\u00e7\u00e3o pol\u00edtica se faz \u201cem prol da nossa juventude, com os interesses dos jovens a\u00e7orianos acima de qualquer interesse<span class=\"excerpt-hellip\"> [\u2026]<\/span><\/p>\n","protected":false},"author":3,"featured_media":5800,"comment_status":"open","ping_status":"open","sticky":false,"template":"","format":"image","meta":{"spay_email":"","footnotes":"","jetpack_publicize_message":"","jetpack_is_tweetstorm":false,"jetpack_publicize_feature_enabled":true},"categories":[11],"tags":[],"class_list":["post-6313","post","type-post","status-publish","format-image","has-post-thumbnail","hentry","category-news","post_format-post-format-image"],"jetpack_featured_media_url":"https:\/\/i0.wp.com\/jsdacores.pt\/front\/wp-content\/uploads\/2019\/09\/IMG_3164.jpg?fit=2250%2C1500","jetpack_publicize_connections":[],"jetpack_sharing_enabled":true,"jetpack_shortlink":"https:\/\/wp.me\/p8wvZV-1DP","_links":{"self":[{"href":"http:\/\/jsdacores.pt\/front\/wp-json\/wp\/v2\/posts\/6313","targetHints":{"allow":["GET"]}}],"collection":[{"href":"http:\/\/jsdacores.pt\/front\/wp-json\/wp\/v2\/posts"}],"about":[{"href":"http:\/\/jsdacores.pt\/front\/wp-json\/wp\/v2\/types\/post"}],"author":[{"embeddable":true,"href":"http:\/\/jsdacores.pt\/front\/wp-json\/wp\/v2\/users\/3"}],"replies":[{"embeddable":true,"href":"http:\/\/jsdacores.pt\/front\/wp-json\/wp\/v2\/comments?post=6313"}],"version-history":[{"count":3,"href":"http:\/\/jsdacores.pt\/front\/wp-json\/wp\/v2\/posts\/6313\/revisions"}],"predecessor-version":[{"id":6316,"href":"http:\/\/jsdacores.pt\/front\/wp-json\/wp\/v2\/posts\/6313\/revisions\/6316"}],"wp:featuredmedia":[{"embeddable":true,"href":"http:\/\/jsdacores.pt\/front\/wp-json\/wp\/v2\/media\/5800"}],"wp:attachment":[{"href":"http:\/\/jsdacores.pt\/front\/wp-json\/wp\/v2\/media?parent=6313"}],"wp:term":[{"taxonomy":"category","embeddable":true,"href":"http:\/\/jsdacores.pt\/front\/wp-json\/wp\/v2\/categories?post=6313"},{"taxonomy":"post_tag","embeddable":true,"href":"http:\/\/jsdacores.pt\/front\/wp-json\/wp\/v2\/tags?post=6313"}],"curies":[{"name":"wp","href":"https:\/\/api.w.org\/{rel}","templated":true}]}}