{"id":6318,"date":"2021-02-20T16:49:41","date_gmt":"2021-02-20T16:49:41","guid":{"rendered":"http:\/\/jsdacores.pt\/front\/?p=6318"},"modified":"2021-02-20T16:49:41","modified_gmt":"2021-02-20T16:49:41","slug":"jsd-acores-adia-xxi-congresso-regional","status":"publish","type":"post","link":"http:\/\/jsdacores.pt\/front\/news\/jsd-acores-adia-xxi-congresso-regional\/","title":{"rendered":"JSD\/A\u00e7ores adia XXI Congresso Regional"},"content":{"rendered":"<h4>A JSD\/A\u00e7ores decidiu adiar a realiza\u00e7\u00e3o do seu XXI Congresso Regional, considerando o estado de emerg\u00eancia que neste momento vigora em Portugal e a sua \u00faltima renova\u00e7\u00e3o.<\/h4>\n<p>Ap\u00f3s reuni\u00e3o da Comiss\u00e3o Pol\u00edtica Regional, e observando a evolu\u00e7\u00e3o da situa\u00e7\u00e3o pand\u00e9mica, os jovens social democratas liderados por Fl\u00e1vio Soares decidiram-se pelo adiamento da sua reuni\u00e3o magna, que dever\u00e1 assim ocorrer ainda durante o primeiro semestre de 2021, caso a situa\u00e7\u00e3o epidemiol\u00f3gica o permita.<\/p>\n<p>&#8220;A op\u00e7\u00e3o respeita as diretrizes emanadas pela Dire\u00e7\u00e3o Regional da Sa\u00fade (DRS) sobre a realiza\u00e7\u00e3o de festividades e eventos, nomeadamente as que determinam a suspens\u00e3o da realiza\u00e7\u00e3o de eventos de cariz p\u00fablico promovidos pela administra\u00e7\u00e3o regional e que recomenda o mesmo princ\u00edpio para as demais entidades, nomeadamente autarquias locais bem como entidades do setor privado&#8221;, refere nota de imprensa da JSD\/A\u00e7ores.<\/p>\n<p>&#8220;Estando conscientes de que n\u00e3o deve de forma alguma facilitar ou reduzir as recomenda\u00e7\u00f5es da DRS, a Comiss\u00e3o Pol\u00edtica Regional da JSD\/A\u00e7ores decidiu-se pelo adiamento do Congresso&#8221;, explicam.<\/p>\n<p>O processo eleitoral de elei\u00e7\u00e3o dos delegados, assim como toda a tramita\u00e7\u00e3o para a realiza\u00e7\u00e3o do XXI Congresso Regional da JSD\/A\u00e7ores, fica suspenso, sendo levantado de acordo com a avalia\u00e7\u00e3o da situa\u00e7\u00e3o epidemiol\u00f3gica, e consoante determina\u00e7\u00e3o do Conselho Regional daquela juventude partid\u00e1ria.<\/p>\n","protected":false},"excerpt":{"rendered":"<p>A JSD\/A\u00e7ores decidiu adiar a realiza\u00e7\u00e3o do seu XXI Congresso Regional, considerando o estado de emerg\u00eancia que neste momento vigora em Portugal e a sua \u00faltima<span class=\"excerpt-hellip\"> [\u2026]<\/span><\/p>\n","protected":false},"author":3,"featured_media":6039,"comment_status":"open","ping_status":"open","sticky":false,"template":"","format":"image","meta":{"spay_email":"","footnotes":"","jetpack_publicize_message":"","jetpack_is_tweetstorm":false,"jetpack_publicize_feature_enabled":true},"categories":[11],"tags":[],"class_list":["post-6318","post","type-post","status-publish","format-image","has-post-thumbnail","hentry","category-news","post_format-post-format-image"],"jetpack_featured_media_url":"https:\/\/i0.wp.com\/jsdacores.pt\/front\/wp-content\/uploads\/2020\/04\/WhatsApp-Image-2020-04-09-at-18.50.28-1.jpeg?fit=1079%2C720","jetpack_publicize_connections":[],"jetpack_sharing_enabled":true,"jetpack_shortlink":"https:\/\/wp.me\/p8wvZV-1DU","_links":{"self":[{"href":"http:\/\/jsdacores.pt\/front\/wp-json\/wp\/v2\/posts\/6318","targetHints":{"allow":["GET"]}}],"collection":[{"href":"http:\/\/jsdacores.pt\/front\/wp-json\/wp\/v2\/posts"}],"about":[{"href":"http:\/\/jsdacores.pt\/front\/wp-json\/wp\/v2\/types\/post"}],"author":[{"embeddable":true,"href":"http:\/\/jsdacores.pt\/front\/wp-json\/wp\/v2\/users\/3"}],"replies":[{"embeddable":true,"href":"http:\/\/jsdacores.pt\/front\/wp-json\/wp\/v2\/comments?post=6318"}],"version-history":[{"count":2,"href":"http:\/\/jsdacores.pt\/front\/wp-json\/wp\/v2\/posts\/6318\/revisions"}],"predecessor-version":[{"id":6320,"href":"http:\/\/jsdacores.pt\/front\/wp-json\/wp\/v2\/posts\/6318\/revisions\/6320"}],"wp:featuredmedia":[{"embeddable":true,"href":"http:\/\/jsdacores.pt\/front\/wp-json\/wp\/v2\/media\/6039"}],"wp:attachment":[{"href":"http:\/\/jsdacores.pt\/front\/wp-json\/wp\/v2\/media?parent=6318"}],"wp:term":[{"taxonomy":"category","embeddable":true,"href":"http:\/\/jsdacores.pt\/front\/wp-json\/wp\/v2\/categories?post=6318"},{"taxonomy":"post_tag","embeddable":true,"href":"http:\/\/jsdacores.pt\/front\/wp-json\/wp\/v2\/tags?post=6318"}],"curies":[{"name":"wp","href":"https:\/\/api.w.org\/{rel}","templated":true}]}}