{"id":6322,"date":"2021-03-10T13:41:25","date_gmt":"2021-03-10T13:41:25","guid":{"rendered":"http:\/\/jsdacores.pt\/front\/?p=6322"},"modified":"2021-03-10T13:41:25","modified_gmt":"2021-03-10T13:41:25","slug":"jsd-acores-lembra-que-ha-longo-caminho-a-percorrer-para-total-inclusao-das-mulheres","status":"publish","type":"post","link":"http:\/\/jsdacores.pt\/front\/news\/jsd-acores-lembra-que-ha-longo-caminho-a-percorrer-para-total-inclusao-das-mulheres\/","title":{"rendered":"JSD\/A\u00e7ores lembra que h\u00e1 &#8220;longo caminho&#8221; a percorrer para &#8220;total inclus\u00e3o&#8221; das mulheres"},"content":{"rendered":"<h4>O presidente da JSD\/A\u00e7ores, Fl\u00e1vio Soares, considerou ontem que \u201ch\u00e1 ainda um longo caminho a percorrer quanto \u00e0 inclus\u00e3o total das mulheres e quanto \u00e0 igualdade de g\u00e9nero como uma realidade indiscut\u00edvel\u201d, disse.<\/h4>\n<p>O jovem dirigente social democrata, que \u00e9 tamb\u00e9m deputado regional, falava nas conclus\u00f5es de uma confer\u00eancia online, intitulada \u201cPol\u00edtica com Elas\u201d, com que a JSD\/A\u00e7ores assinalou a passagem de mais um Dia Internacional da Mulher.<\/p>\n<p>A confer\u00eancia teve como oradoras Il\u00eddia Quadrado (Deputada da Assembleia da Rep\u00fablica), D\u00e9lia Melo (Deputada da ALRAA), Leonor Batista (Vereadora da C\u00e2mara Municipal de Vila do Porto) e No\u00e9mia Ventura (Presidente da Junta de Freguesia de S\u00e3o Vicente Ferreira), num painel moderado pelo Secret\u00e1rio Geral do Partido, Lu\u00eds Pereira.<\/p>\n<p>\u201cFoi uma escolha propositadamente simb\u00f3lica, pois s\u00e3o quatro mulheres que, com a sua determina\u00e7\u00e3o e dedica\u00e7\u00e3o, s\u00e3o hoje representantes das suas popula\u00e7\u00f5es, ao n\u00edvel local, regional e nacional. S\u00e3o pessoas que lutam diariamente por todos\u201d, disse o l\u00edder da JSD\/A\u00e7ores.<\/p>\n<p>Fl\u00e1vio Soares frisou que \u00e9 hoje, \u201cfelizmente, menos comum haver trabalhos apenas de mulheres ou apenas de homens, o que n\u00e3o acontecia no passado, mesmo se o caminho a percorrer se afigure longo\u201d, refor\u00e7ou.<\/p>\n<p>Aquele dirigente referiu que, \u201cse os jovens querem viver num mundo moderno e inclusivo, cabe-lhe precisamente o papel de lutar para mudar o atual paradigma que, apesar das evolu\u00e7\u00f5es, ainda mostra muitas desigualdades\u201d, afirmou.<\/p>\n<p>\u201cTrata-se de uma luta que tem de ter continuidade, e que n\u00e3o \u00e9 apenas uma luta das mulheres, \u00e9 uma luta de cada um de n\u00f3s\u201d, disse Fl\u00e1vio Soares, no final da confer\u00eancia, em que as convidadas elencaram os seus pontos de vista face \u00e0 necessidade de \u201cefetivar\u201d a igualdade de g\u00e9nero, nomeadamente no tocante \u00e0s oportunidades de trabalho e de carreira para homens e mulheres, \u201cde uma forma clara, acompanhando a evolu\u00e7\u00e3o social que o assunto requer\u201d, sublinharam.<\/p>\n","protected":false},"excerpt":{"rendered":"<p>O presidente da JSD\/A\u00e7ores, Fl\u00e1vio Soares, considerou ontem que \u201ch\u00e1 ainda um longo caminho a percorrer quanto \u00e0 inclus\u00e3o total das mulheres e quanto \u00e0 igualdade<span class=\"excerpt-hellip\"> [\u2026]<\/span><\/p>\n","protected":false},"author":3,"featured_media":6323,"comment_status":"open","ping_status":"open","sticky":false,"template":"","format":"image","meta":{"spay_email":"","footnotes":"","jetpack_publicize_message":"","jetpack_is_tweetstorm":false,"jetpack_publicize_feature_enabled":true},"categories":[11],"tags":[],"class_list":["post-6322","post","type-post","status-publish","format-image","has-post-thumbnail","hentry","category-news","post_format-post-format-image"],"jetpack_featured_media_url":"https:\/\/i0.wp.com\/jsdacores.pt\/front\/wp-content\/uploads\/2021\/03\/a-conversa-com-elas-FB-2.png?fit=940%2C788","jetpack_publicize_connections":[],"jetpack_sharing_enabled":true,"jetpack_shortlink":"https:\/\/wp.me\/p8wvZV-1DY","_links":{"self":[{"href":"http:\/\/jsdacores.pt\/front\/wp-json\/wp\/v2\/posts\/6322","targetHints":{"allow":["GET"]}}],"collection":[{"href":"http:\/\/jsdacores.pt\/front\/wp-json\/wp\/v2\/posts"}],"about":[{"href":"http:\/\/jsdacores.pt\/front\/wp-json\/wp\/v2\/types\/post"}],"author":[{"embeddable":true,"href":"http:\/\/jsdacores.pt\/front\/wp-json\/wp\/v2\/users\/3"}],"replies":[{"embeddable":true,"href":"http:\/\/jsdacores.pt\/front\/wp-json\/wp\/v2\/comments?post=6322"}],"version-history":[{"count":1,"href":"http:\/\/jsdacores.pt\/front\/wp-json\/wp\/v2\/posts\/6322\/revisions"}],"predecessor-version":[{"id":6324,"href":"http:\/\/jsdacores.pt\/front\/wp-json\/wp\/v2\/posts\/6322\/revisions\/6324"}],"wp:featuredmedia":[{"embeddable":true,"href":"http:\/\/jsdacores.pt\/front\/wp-json\/wp\/v2\/media\/6323"}],"wp:attachment":[{"href":"http:\/\/jsdacores.pt\/front\/wp-json\/wp\/v2\/media?parent=6322"}],"wp:term":[{"taxonomy":"category","embeddable":true,"href":"http:\/\/jsdacores.pt\/front\/wp-json\/wp\/v2\/categories?post=6322"},{"taxonomy":"post_tag","embeddable":true,"href":"http:\/\/jsdacores.pt\/front\/wp-json\/wp\/v2\/tags?post=6322"}],"curies":[{"name":"wp","href":"https:\/\/api.w.org\/{rel}","templated":true}]}}