{"id":6451,"date":"2021-08-02T20:38:45","date_gmt":"2021-08-02T20:38:45","guid":{"rendered":"http:\/\/jsdacores.pt\/front\/?p=6451"},"modified":"2021-08-02T20:56:04","modified_gmt":"2021-08-02T20:56:04","slug":"jsd-angra-do-heroismo-ativa-novo-nucleo-nas-freguesias-da-terra-cha-e-sao-mateus","status":"publish","type":"post","link":"http:\/\/jsdacores.pt\/front\/news\/jsd-angra-do-heroismo-ativa-novo-nucleo-nas-freguesias-da-terra-cha-e-sao-mateus\/","title":{"rendered":"JSD\/Angra do Hero\u00edsmo ativa novo n\u00facleo nas freguesias da Terra-ch\u00e3 e S\u00e3o Mateus\u00a0"},"content":{"rendered":"<h4>A Comiss\u00e3o Pol\u00edtica Concelhia da JSD de  Angra do Hero\u00edsmo, ativou um novo n\u00facleo nas freguesias de Terra-ch\u00e3 e S\u00e3o Mateus, no \u00faltimo dia 1 de agosto de 2021.<\/h4>\n<p>Para a presidente da JSD\/Angra do Hero\u00edsmo \u201cdepois de um aumento de militantes da JSD no concelho e da nomea\u00e7\u00e3o do n\u00facleo das freguesias do Porto Judeu e S\u00e3o Sebasti\u00e3o fazia todo o sentido nomear outro n\u00facleo nas freguesias da Terra-ch\u00e3 e S\u00e3o Mateus\u201d. <\/p>\n<p>Vanessa Branco, referiu ainda que \u201cum dos principais objetivos da JSD de Angra do Hero\u00edsmo \u00e9 a aproxima\u00e7\u00e3o aos jovens e aos seus problemas, vemos o desenvolvimento deste n\u00facleo como o principal ponto de partida para essa aproxima\u00e7\u00e3o\u201d referiu. <\/p>\n<p>O n\u00facleo agora criado \u00e9 composto por:  Lu\u00eds Ornelas (Presidente), Afonso Silva (Secret\u00e1rio), Tom\u00e1s Barcelos (Vogal), Afonso Barcelos (Vogal) e Joana Borba (Vogal).\u00a0<\/p>\n","protected":false},"excerpt":{"rendered":"<p>A Comiss\u00e3o Pol\u00edtica Concelhia da JSD de Angra do Hero\u00edsmo, ativou um novo n\u00facleo nas freguesias de Terra-ch\u00e3 e S\u00e3o Mateus, no \u00faltimo dia 1 de<span class=\"excerpt-hellip\"> [\u2026]<\/span><\/p>\n","protected":false},"author":2,"featured_media":6453,"comment_status":"open","ping_status":"open","sticky":false,"template":"","format":"image","meta":{"spay_email":"","footnotes":"","jetpack_publicize_message":"","jetpack_is_tweetstorm":false,"jetpack_publicize_feature_enabled":true},"categories":[11,24],"tags":[58],"class_list":["post-6451","post","type-post","status-publish","format-image","has-post-thumbnail","hentry","category-news","category-jotalocal","tag-presidente","post_format-post-format-image"],"jetpack_featured_media_url":"https:\/\/i0.wp.com\/jsdacores.pt\/front\/wp-content\/uploads\/2021\/08\/224136428_615101406141926_8946661660646934637_n.png?fit=940%2C788","jetpack_publicize_connections":[],"jetpack_sharing_enabled":true,"jetpack_shortlink":"https:\/\/wp.me\/p8wvZV-1G3","_links":{"self":[{"href":"http:\/\/jsdacores.pt\/front\/wp-json\/wp\/v2\/posts\/6451","targetHints":{"allow":["GET"]}}],"collection":[{"href":"http:\/\/jsdacores.pt\/front\/wp-json\/wp\/v2\/posts"}],"about":[{"href":"http:\/\/jsdacores.pt\/front\/wp-json\/wp\/v2\/types\/post"}],"author":[{"embeddable":true,"href":"http:\/\/jsdacores.pt\/front\/wp-json\/wp\/v2\/users\/2"}],"replies":[{"embeddable":true,"href":"http:\/\/jsdacores.pt\/front\/wp-json\/wp\/v2\/comments?post=6451"}],"version-history":[{"count":4,"href":"http:\/\/jsdacores.pt\/front\/wp-json\/wp\/v2\/posts\/6451\/revisions"}],"predecessor-version":[{"id":6457,"href":"http:\/\/jsdacores.pt\/front\/wp-json\/wp\/v2\/posts\/6451\/revisions\/6457"}],"wp:featuredmedia":[{"embeddable":true,"href":"http:\/\/jsdacores.pt\/front\/wp-json\/wp\/v2\/media\/6453"}],"wp:attachment":[{"href":"http:\/\/jsdacores.pt\/front\/wp-json\/wp\/v2\/media?parent=6451"}],"wp:term":[{"taxonomy":"category","embeddable":true,"href":"http:\/\/jsdacores.pt\/front\/wp-json\/wp\/v2\/categories?post=6451"},{"taxonomy":"post_tag","embeddable":true,"href":"http:\/\/jsdacores.pt\/front\/wp-json\/wp\/v2\/tags?post=6451"}],"curies":[{"name":"wp","href":"https:\/\/api.w.org\/{rel}","templated":true}]}}