{"id":6574,"date":"2021-08-10T20:30:04","date_gmt":"2021-08-10T20:30:04","guid":{"rendered":"http:\/\/jsdacores.pt\/front\/?p=6574"},"modified":"2021-08-11T16:00:11","modified_gmt":"2021-08-11T16:00:11","slug":"jsd-acores-lanca-a-rubrica-jotanasautarquicas","status":"publish","type":"post","link":"http:\/\/jsdacores.pt\/front\/news\/jsd-acores-lanca-a-rubrica-jotanasautarquicas\/","title":{"rendered":"JSD\/A\u00e7ores lan\u00e7a a r\u00fabrica #JotanasAut\u00e1rquicas"},"content":{"rendered":"<div>\n<div>\n<p><strong>A Juventude Social Democrata dos A\u00e7ores lan\u00e7a o seu espa\u00e7o digital #JotanasAut\u00e1rquicas, com um primeiro destaque para o Voto Antecipado nas elei\u00e7\u00f5es de 26 de setembro.<\/strong><\/p>\n<\/div>\n<\/div>\n<div>\n<p>A participa\u00e7\u00e3o dos jovens nas elei\u00e7\u00f5es aut\u00e1rquicas come\u00e7a, desde logo, pelo exerc\u00edcio do direito do voto. A absten\u00e7\u00e3o jovem preocupa a estrutura de juventude social-democrata que, por isso, criou um espa\u00e7o dedicado \u00e0 partilha de informa\u00e7\u00e3o sobre o processo para o exerc\u00edcio do direito de voto antecipado pelos estudantes deslocados, \u201cnuma tentativa de aproxima\u00e7\u00e3o dos jovens ao ato eleitoral, apesar de distantes fisicamente do seu local de resid\u00eancia, aproveitando esta oportunidade de votar antecipadamente tamb\u00e9m como combate ao n\u00famero elevado de jovens abstencionistas\u201d, referiu Lu\u00eds Raposo, presidente da JSD\/A\u00e7ores. \u201cConsideramos ser uma r\u00fabrica de grande import\u00e2ncia uma vez que permite o envio de d\u00favidas ou quest\u00f5es relacionadas com o exerc\u00edcio deste direito de participa\u00e7\u00e3o c\u00edvica, atendendo que o voto antecipado nas elei\u00e7\u00f5es aut\u00e1rquicas difere dos demais atos eleitorais, sendo um processo de maior complexidade em compara\u00e7\u00e3o\u201d, acrescenta.<\/p>\n<p>Desde 2011 que a JSD\/A\u00e7ores disponibiliza espa\u00e7os de apoio aos jovens deslocados, o que demonstra bem a import\u00e2ncia dada pela estrutura \u00e0 participa\u00e7\u00e3o de todos os jovens nos atos eleitorais, orgulhando-se de ser uma fonte de esclarecimento fidedigno, torando todo o processo mais facilitado e acess\u00edvel a todos a que eles necessitam de recorrer.<\/p>\n<p>Al\u00e9m do Voto Antecipado, o espa\u00e7o digital #JotanasAut\u00e1rquicas pretende concentrar todas as informa\u00e7\u00f5es relativas \u00e0 din\u00e2mica aut\u00e1rquica, envolvendo todos os jovens a\u00e7orianos, quer sejam militantes da JSD ou n\u00e3o, quer integrem ou n\u00e3o as listas aos \u00f3rg\u00e3os de freguesia e camar\u00e1rios. \u201cTodos os jovens a\u00e7orianos s\u00e3o chamados a participar e a JSD\/A\u00e7ores quer fazer destas aut\u00e1rquicas um momento de uni\u00e3o e for\u00e7a\u00a0em prol de projetos e equipas que tornar\u00e3o os A\u00e7ores um lugar ainda melhor para viver estar, com um poder local mais capaz, atento e pr\u00f3ximo, onde a juventude tem um papel determinante para o crescimento sustentado de cada freguesia e concelho\u201d, afirma Lu\u00eds Raposo.<\/p>\n<p>\u00c9 nesse contexto que a JSD\/A\u00e7ores divulga o seu Kit #JotanasAut\u00e1rquicas \u2013 pode ser adquirido por qualquer jovem, mediante a inscri\u00e7\u00e3o no seu site <a href=\"http:\/\/jotanasautarquicas.jsdacores.pt\">jotanasautarquicas.jsdacores.pt<\/a>\u00a0contendo um polo, uma bandeira da JSD, uma fita e uma credencial alusiva.<\/p>\n<p>\u201cSomos muitos, com muito valor e capacidade para ajudar o PSD a sair vencedor no poder local. Reforcemos a nossa presen\u00e7a com a nossa imagem, com a marca da Juventude Social Democrata, exponenciando o nosso papel junto de todos os cidad\u00e3os de todos os concelhos e freguesias dos A\u00e7ores\u201d, conclui o presidente da estrutura.<\/p>\n<p>&nbsp;<\/p>\n<\/div>\n","protected":false},"excerpt":{"rendered":"<p>A Juventude Social Democrata dos A\u00e7ores lan\u00e7a o seu espa\u00e7o digital #JotanasAut\u00e1rquicas, com um primeiro destaque para o Voto Antecipado nas elei\u00e7\u00f5es de 26 de setembro.<span class=\"excerpt-hellip\"> [\u2026]<\/span><\/p>\n","protected":false},"author":1,"featured_media":6560,"comment_status":"open","ping_status":"open","sticky":false,"template":"","format":"image","meta":{"spay_email":"","footnotes":"","jetpack_publicize_message":"","jetpack_is_tweetstorm":false,"jetpack_publicize_feature_enabled":true},"categories":[28,11,25],"tags":[58],"class_list":["post-6574","post","type-post","status-publish","format-image","has-post-thumbnail","hentry","category-destaque","category-news","category-presidente","tag-presidente","post_format-post-format-image"],"jetpack_featured_media_url":"https:\/\/i0.wp.com\/jsdacores.pt\/front\/wp-content\/uploads\/2021\/08\/DESTAQUE-SITE-2.png?fit=1043%2C1039","jetpack_publicize_connections":[],"jetpack_sharing_enabled":true,"jetpack_shortlink":"https:\/\/wp.me\/p8wvZV-1I2","_links":{"self":[{"href":"http:\/\/jsdacores.pt\/front\/wp-json\/wp\/v2\/posts\/6574","targetHints":{"allow":["GET"]}}],"collection":[{"href":"http:\/\/jsdacores.pt\/front\/wp-json\/wp\/v2\/posts"}],"about":[{"href":"http:\/\/jsdacores.pt\/front\/wp-json\/wp\/v2\/types\/post"}],"author":[{"embeddable":true,"href":"http:\/\/jsdacores.pt\/front\/wp-json\/wp\/v2\/users\/1"}],"replies":[{"embeddable":true,"href":"http:\/\/jsdacores.pt\/front\/wp-json\/wp\/v2\/comments?post=6574"}],"version-history":[{"count":6,"href":"http:\/\/jsdacores.pt\/front\/wp-json\/wp\/v2\/posts\/6574\/revisions"}],"predecessor-version":[{"id":6589,"href":"http:\/\/jsdacores.pt\/front\/wp-json\/wp\/v2\/posts\/6574\/revisions\/6589"}],"wp:featuredmedia":[{"embeddable":true,"href":"http:\/\/jsdacores.pt\/front\/wp-json\/wp\/v2\/media\/6560"}],"wp:attachment":[{"href":"http:\/\/jsdacores.pt\/front\/wp-json\/wp\/v2\/media?parent=6574"}],"wp:term":[{"taxonomy":"category","embeddable":true,"href":"http:\/\/jsdacores.pt\/front\/wp-json\/wp\/v2\/categories?post=6574"},{"taxonomy":"post_tag","embeddable":true,"href":"http:\/\/jsdacores.pt\/front\/wp-json\/wp\/v2\/tags?post=6574"}],"curies":[{"name":"wp","href":"https:\/\/api.w.org\/{rel}","templated":true}]}}