{"id":6598,"date":"2021-08-13T22:04:53","date_gmt":"2021-08-13T22:04:53","guid":{"rendered":"http:\/\/jsdacores.pt\/front\/?p=6598"},"modified":"2021-08-14T23:03:51","modified_gmt":"2021-08-14T23:03:51","slug":"jsdfaialforadacaixa-2","status":"publish","type":"post","link":"http:\/\/jsdacores.pt\/front\/news\/jsdfaialforadacaixa-2\/","title":{"rendered":"JSD Faial promove uma nova edi\u00e7\u00e3o do ciclo de f\u00f3runs &#8211; &#8220;Fora da Caixa&#8221;"},"content":{"rendered":"<div dir=\"auto\"><strong>A Juventude Social Democrata da Ilha do Faial promoveu no dia 9 de agosto a 2\u00aa edi\u00e7\u00e3o do &#8220;Fora da Caixa&#8221;<\/strong><\/div>\n<div id=\"v1ms-outlook-mobile-signature\">\n<div id=\"v1ms-outlook-mobile-signature\"><\/div>\n<p>No passado dia 9 de agosto, a JSD\/Faial promoveu a 2\u00aa edi\u00e7\u00e3o do &#8220;Fora da Caixa&#8221;, a qual teve lugar na sede de candidatura &#8220;Juntos pelo Faial&#8221;.<\/p>\n<\/div>\n<div id=\"v1ms-outlook-mobile-signature\">Esta edi\u00e7\u00e3o, cujo o tema foi &#8220;Semana do mar: Que futuro?&#8221;, foi a primeira que antecede as aut\u00e1rquicas de 2021 e teve como orador convidado, Carlos Morais, empres\u00e1rio de refer\u00eancia no sector de turismo no arquip\u00e9lago, atual presidente da Associa\u00e7\u00e3o Turismo dos A\u00e7ores e candidato a vice-presidente da C\u00e2mara Municipal da Horta pela coliga\u00e7\u00e3o &#8220;Juntos pelo Faial&#8221;.<\/div>\n<div><\/div>\n<div id=\"v1ms-outlook-mobile-signature\">O evento p\u00fablico, contou com a presen\u00e7a de cidad\u00e3os de diferentes faixas et\u00e1rias, ligados a diferentes setores de atividade, que deram o seu contributo, quer atrav\u00e9s de quest\u00f5es colocadas ao candidato, quer atrav\u00e9s de partilha de ideias e opini\u00f5es. Foram abordadas dentro do tema central, o futuro da semana do mar, v\u00e1rias vertentes no que concerne, nomeadamente ao entretenimento (artistas e palcos), a feira gastron\u00f3mica, a feira do artesanato, a Expomar, e as atividades n\u00e1uticas.<\/div>\n<div><\/div>\n<div>O f\u00f3rum permitiu que se partilhassem ideias &#8220;fora da caixa&#8221; e novas ambi\u00e7\u00f5es para o festival da ilha do Faial, sendo que se destacaram como ideias-chave &#8211; a internacionaliza\u00e7\u00e3o e a inova\u00e7\u00e3o. \u00a0O &#8220;Fora da Caixa&#8221; \u00e9 uma iniciativa promovida pela JSD\/Faial . A primeira edi\u00e7\u00e3o foi concretizada antes das legislativas em 2019 com a ent\u00e3o candidata, Il\u00eddia Quadrado, atual deputada \u00e0 Assembleia da Rep\u00fablica. \u00a0Seguir-se-\u00e3o ainda mais dois f\u00f3runs desta segunda edi\u00e7\u00e3o da iniciativa.<\/div>\n","protected":false},"excerpt":{"rendered":"<p>A Juventude Social Democrata da Ilha do Faial promoveu no dia 9 de agosto a 2\u00aa edi\u00e7\u00e3o do &#8220;Fora da Caixa&#8221; No passado dia 9 de<span class=\"excerpt-hellip\"> [\u2026]<\/span><\/p>\n","protected":false},"author":1,"featured_media":6333,"comment_status":"open","ping_status":"open","sticky":false,"template":"","format":"image","meta":{"spay_email":"","footnotes":"","jetpack_publicize_message":"","jetpack_is_tweetstorm":false,"jetpack_publicize_feature_enabled":true},"categories":[11,24],"tags":[63,62],"class_list":["post-6598","post","type-post","status-publish","format-image","has-post-thumbnail","hentry","category-news","category-jotalocal","tag-jotalocal","tag-jsd-faial","post_format-post-format-image"],"jetpack_featured_media_url":"https:\/\/i0.wp.com\/jsdacores.pt\/front\/wp-content\/uploads\/2021\/05\/FAIAL.jpeg?fit=1024%2C768","jetpack_publicize_connections":[],"jetpack_sharing_enabled":true,"jetpack_shortlink":"https:\/\/wp.me\/p8wvZV-1Iq","_links":{"self":[{"href":"http:\/\/jsdacores.pt\/front\/wp-json\/wp\/v2\/posts\/6598","targetHints":{"allow":["GET"]}}],"collection":[{"href":"http:\/\/jsdacores.pt\/front\/wp-json\/wp\/v2\/posts"}],"about":[{"href":"http:\/\/jsdacores.pt\/front\/wp-json\/wp\/v2\/types\/post"}],"author":[{"embeddable":true,"href":"http:\/\/jsdacores.pt\/front\/wp-json\/wp\/v2\/users\/1"}],"replies":[{"embeddable":true,"href":"http:\/\/jsdacores.pt\/front\/wp-json\/wp\/v2\/comments?post=6598"}],"version-history":[{"count":2,"href":"http:\/\/jsdacores.pt\/front\/wp-json\/wp\/v2\/posts\/6598\/revisions"}],"predecessor-version":[{"id":6602,"href":"http:\/\/jsdacores.pt\/front\/wp-json\/wp\/v2\/posts\/6598\/revisions\/6602"}],"wp:featuredmedia":[{"embeddable":true,"href":"http:\/\/jsdacores.pt\/front\/wp-json\/wp\/v2\/media\/6333"}],"wp:attachment":[{"href":"http:\/\/jsdacores.pt\/front\/wp-json\/wp\/v2\/media?parent=6598"}],"wp:term":[{"taxonomy":"category","embeddable":true,"href":"http:\/\/jsdacores.pt\/front\/wp-json\/wp\/v2\/categories?post=6598"},{"taxonomy":"post_tag","embeddable":true,"href":"http:\/\/jsdacores.pt\/front\/wp-json\/wp\/v2\/tags?post=6598"}],"curies":[{"name":"wp","href":"https:\/\/api.w.org\/{rel}","templated":true}]}}