{"id":6611,"date":"2021-08-29T18:13:14","date_gmt":"2021-08-29T18:13:14","guid":{"rendered":"http:\/\/jsdacores.pt\/front\/?p=6611"},"modified":"2021-08-29T18:56:55","modified_gmt":"2021-08-29T18:56:55","slug":"jovens-eleicoes-autarquicas","status":"publish","type":"post","link":"http:\/\/jsdacores.pt\/front\/news\/jovens-eleicoes-autarquicas\/","title":{"rendered":"JSD\/A\u00e7ores destaca a integra\u00e7\u00e3o de jovens nas listas \u00e0s elei\u00e7\u00f5es aut\u00e1rquicas"},"content":{"rendered":"<div>\n<p class=\"v1gmail-MsoNoSpacing\"><strong>O presidente da JSD\/A\u00e7ores destacou ontem a integra\u00e7\u00e3o de cerca de 1000 jovens nas listas do PSD e das coliga\u00e7\u00f5es pr\u00e9-eleitorais, considerando que &#8220;os jovens s\u00e3o o futuro e que bom \u00e9 v\u00ea-los envolvidos neste processo eleitoral. Devem e podem fazer-se ouvir&#8221;, referiu.<\/strong><\/p>\n<p class=\"v1gmail-MsoNoSpacing\">Lu\u00eds Raposo falava no encerramento da 8\u00aa Edi\u00e7\u00e3o da Universidade de Ver\u00e3o da JSD e do PSD\/A\u00e7ores, iniciativa que decorreu em formato online, sublinhando que &#8220;a JSD\/A\u00e7ores tem orgulho nos seus quadros pol\u00edticos. S\u00e3o in\u00fameros os jovens social-democratas a compor as listas do PSD, do Corvo a Santa Maria, como candidatos aos \u00f3rg\u00e3os de freguesia e municipais&#8221;, afirmou.<\/p>\n<p class=\"v1gmail-MsoNoSpacing\">O jovem social democrata lembrou ainda a import\u00e2ncia do trabalho di\u00e1rio e da dedica\u00e7\u00e3o para com as freguesias e concelhos: &#8220;\u00c9 neste sentido que temos de caminhar, trabalhando diariamente para sermos mais e melhores. Pautar-nos pelo trabalho, pela dedica\u00e7\u00e3o e, consequentemente, pela meritocracia. Acima de tudo, estar disposto a servir o outro \u2013 a ess\u00eancia da atividade pol\u00edtica&#8221;, avan\u00e7ou.<\/p>\n<p class=\"v1gmail-MsoNoSpacing\">Dos cerca de 1000 jovens que integram as listas candidatas do PSD e das coliga\u00e7\u00f5es pr\u00e9-eleitorais \u00e0s Aut\u00e1rquicas de 26 de setembro, 56% s\u00e3o mulheres, e 44% homens, situando-se a sua m\u00e9dia de idades nos 26,3 anos.<\/p>\n<\/div>\n<div>\n<p>&nbsp;<\/p>\n<\/div>\n","protected":false},"excerpt":{"rendered":"<p>O presidente da JSD\/A\u00e7ores destacou ontem a integra\u00e7\u00e3o de cerca de 1000 jovens nas listas do PSD e das coliga\u00e7\u00f5es pr\u00e9-eleitorais, considerando que &#8220;os jovens s\u00e3o<span class=\"excerpt-hellip\"> [\u2026]<\/span><\/p>\n","protected":false},"author":1,"featured_media":6612,"comment_status":"open","ping_status":"open","sticky":false,"template":"","format":"image","meta":{"spay_email":"","footnotes":"","jetpack_publicize_message":"","jetpack_is_tweetstorm":false,"jetpack_publicize_feature_enabled":true},"categories":[18,28,11,25],"tags":[58],"class_list":["post-6611","post","type-post","status-publish","format-image","has-post-thumbnail","hentry","category-autarquicas2021","category-destaque","category-news","category-presidente","tag-presidente","post_format-post-format-image"],"jetpack_featured_media_url":"https:\/\/i0.wp.com\/jsdacores.pt\/front\/wp-content\/uploads\/2021\/08\/4.jpeg?fit=2000%2C1500","jetpack_publicize_connections":[],"jetpack_sharing_enabled":true,"jetpack_shortlink":"https:\/\/wp.me\/p8wvZV-1ID","_links":{"self":[{"href":"http:\/\/jsdacores.pt\/front\/wp-json\/wp\/v2\/posts\/6611","targetHints":{"allow":["GET"]}}],"collection":[{"href":"http:\/\/jsdacores.pt\/front\/wp-json\/wp\/v2\/posts"}],"about":[{"href":"http:\/\/jsdacores.pt\/front\/wp-json\/wp\/v2\/types\/post"}],"author":[{"embeddable":true,"href":"http:\/\/jsdacores.pt\/front\/wp-json\/wp\/v2\/users\/1"}],"replies":[{"embeddable":true,"href":"http:\/\/jsdacores.pt\/front\/wp-json\/wp\/v2\/comments?post=6611"}],"version-history":[{"count":2,"href":"http:\/\/jsdacores.pt\/front\/wp-json\/wp\/v2\/posts\/6611\/revisions"}],"predecessor-version":[{"id":6614,"href":"http:\/\/jsdacores.pt\/front\/wp-json\/wp\/v2\/posts\/6611\/revisions\/6614"}],"wp:featuredmedia":[{"embeddable":true,"href":"http:\/\/jsdacores.pt\/front\/wp-json\/wp\/v2\/media\/6612"}],"wp:attachment":[{"href":"http:\/\/jsdacores.pt\/front\/wp-json\/wp\/v2\/media?parent=6611"}],"wp:term":[{"taxonomy":"category","embeddable":true,"href":"http:\/\/jsdacores.pt\/front\/wp-json\/wp\/v2\/categories?post=6611"},{"taxonomy":"post_tag","embeddable":true,"href":"http:\/\/jsdacores.pt\/front\/wp-json\/wp\/v2\/tags?post=6611"}],"curies":[{"name":"wp","href":"https:\/\/api.w.org\/{rel}","templated":true}]}}