{"id":6622,"date":"2021-09-04T11:21:03","date_gmt":"2021-09-04T11:21:03","guid":{"rendered":"http:\/\/jsdacores.pt\/front\/?p=6622"},"modified":"2021-09-04T12:07:48","modified_gmt":"2021-09-04T12:07:48","slug":"jsd-acores-acompanha-proposta-sobre-os-nomadas-digitais","status":"publish","type":"post","link":"http:\/\/jsdacores.pt\/front\/news\/jsd-acores-acompanha-proposta-sobre-os-nomadas-digitais\/","title":{"rendered":"JSD\/A\u00e7ores acompanha proposta sobre os n\u00f3madas digitais"},"content":{"rendered":"<p><strong>A JSD\/A\u00e7ores acompanha os candidatos \u00e0s Elei\u00e7\u00f5es Aut\u00e1rquicas de 26 de setembro, pela inclus\u00e3o nos seus programas eleitorais da cria\u00e7\u00e3o de condi\u00e7\u00f5es para a capta\u00e7\u00e3o de n\u00f3madas digitais para a Regi\u00e3o.<\/strong><\/p>\n<p>A estrutura liderada por Lu\u00eds Raposo salienta que aquela foi &#8220;uma das propostas da mo\u00e7\u00e3o de estrat\u00e9gia global da equipa dirigente da JSD\/A\u00e7ores, aprovada no XXI Congresso Regional, ocorrido em julho passado&#8221;, adiantam.<\/p>\n<p>&#8220;A Pandemia trouxe-nos o teletrabalho e a digitaliza\u00e7\u00e3o de muitas das tarefas di\u00e1rias em v\u00e1rios setores de atividade. Acreditamos nas potencialidades e caracter\u00edsticas que as nossas ilhas podem oferecer para receber estes trabalhadores remotos, que n\u00e3o estando limitados ao espa\u00e7o f\u00edsico, trabalham para v\u00e1rias partes do mundo&#8221;, referem os jovens social democratas a\u00e7orianos.<\/p>\n<p>Incentivam, por isso, &#8220;a cria\u00e7\u00e3o de um enquadramento fiscal e de um sistema de acesso \u00e0 prote\u00e7\u00e3o social espec\u00edfico para uma melhor integra\u00e7\u00e3o desses trabalhadores, a par de condi\u00e7\u00f5es t\u00e9cnicas adequadas como sejam a boa liga\u00e7\u00e3o \u00e0 internet ou a cria\u00e7\u00e3o de espa\u00e7os de\u00a0coworking&#8221;.<\/p>\n<p>Para a JSD\/A\u00e7ores, uma das vantagens do acolhimento de n\u00f3madas digitais &#8220;passa pela viv\u00eancia de uma cultura local como semi-residentes, uma vez que o per\u00edodo de perman\u00eancia se prolonga para l\u00e1 do que seria uma visita em f\u00e9rias. \u00c9 ainda de salientar que esta medida permite a promo\u00e7\u00e3o tur\u00edstica do destino A\u00e7ores&#8221;, concluem.<\/p>\n","protected":false},"excerpt":{"rendered":"<p>A JSD\/A\u00e7ores acompanha os candidatos \u00e0s Elei\u00e7\u00f5es Aut\u00e1rquicas de 26 de setembro, pela inclus\u00e3o nos seus programas eleitorais da cria\u00e7\u00e3o de condi\u00e7\u00f5es para a capta\u00e7\u00e3o de<span class=\"excerpt-hellip\"> [\u2026]<\/span><\/p>\n","protected":false},"author":1,"featured_media":6624,"comment_status":"open","ping_status":"open","sticky":false,"template":"","format":"image","meta":{"spay_email":"","footnotes":"","jetpack_publicize_message":"","jetpack_is_tweetstorm":false,"jetpack_publicize_feature_enabled":true},"categories":[18,28,11],"tags":[58],"class_list":["post-6622","post","type-post","status-publish","format-image","has-post-thumbnail","hentry","category-autarquicas2021","category-destaque","category-news","tag-presidente","post_format-post-format-image"],"jetpack_featured_media_url":"https:\/\/i0.wp.com\/jsdacores.pt\/front\/wp-content\/uploads\/2021\/09\/2021-07-24_PSD-A_HRM_4516-scaled.jpg?fit=2560%2C1707","jetpack_publicize_connections":[],"jetpack_sharing_enabled":true,"jetpack_shortlink":"https:\/\/wp.me\/p8wvZV-1IO","_links":{"self":[{"href":"http:\/\/jsdacores.pt\/front\/wp-json\/wp\/v2\/posts\/6622","targetHints":{"allow":["GET"]}}],"collection":[{"href":"http:\/\/jsdacores.pt\/front\/wp-json\/wp\/v2\/posts"}],"about":[{"href":"http:\/\/jsdacores.pt\/front\/wp-json\/wp\/v2\/types\/post"}],"author":[{"embeddable":true,"href":"http:\/\/jsdacores.pt\/front\/wp-json\/wp\/v2\/users\/1"}],"replies":[{"embeddable":true,"href":"http:\/\/jsdacores.pt\/front\/wp-json\/wp\/v2\/comments?post=6622"}],"version-history":[{"count":2,"href":"http:\/\/jsdacores.pt\/front\/wp-json\/wp\/v2\/posts\/6622\/revisions"}],"predecessor-version":[{"id":6627,"href":"http:\/\/jsdacores.pt\/front\/wp-json\/wp\/v2\/posts\/6622\/revisions\/6627"}],"wp:featuredmedia":[{"embeddable":true,"href":"http:\/\/jsdacores.pt\/front\/wp-json\/wp\/v2\/media\/6624"}],"wp:attachment":[{"href":"http:\/\/jsdacores.pt\/front\/wp-json\/wp\/v2\/media?parent=6622"}],"wp:term":[{"taxonomy":"category","embeddable":true,"href":"http:\/\/jsdacores.pt\/front\/wp-json\/wp\/v2\/categories?post=6622"},{"taxonomy":"post_tag","embeddable":true,"href":"http:\/\/jsdacores.pt\/front\/wp-json\/wp\/v2\/tags?post=6622"}],"curies":[{"name":"wp","href":"https:\/\/api.w.org\/{rel}","templated":true}]}}