{"id":6631,"date":"2021-10-15T18:28:55","date_gmt":"2021-10-15T18:28:55","guid":{"rendered":"http:\/\/jsdacores.pt\/front\/?p=6631"},"modified":"2021-10-15T18:28:55","modified_gmt":"2021-10-15T18:28:55","slug":"psd-acores-entrega-iniciativa-legislativa-para-promover-melhorias-nos-programas-estagiar","status":"publish","type":"post","link":"http:\/\/jsdacores.pt\/front\/news\/psd-acores-entrega-iniciativa-legislativa-para-promover-melhorias-nos-programas-estagiar\/","title":{"rendered":"PSD\/A\u00e7ores entrega iniciativa legislativa para promover melhorias nos Programas Estagiar"},"content":{"rendered":"<p><strong>O grupo parlamentar do PSD\/A\u00e7ores quer promover \u201cmelhorias nos Programas Estagiar\u201d e entregou hoje na Assembleia Legislativa um projeto de resolu\u00e7\u00e3o visando \u201cuma melhor transi\u00e7\u00e3o dos estudantes para o ingresso na vida ativa\u201d.<\/strong><\/p>\n<p>Segundo o deputado Fl\u00e1vio Soares, que falava ap\u00f3s uma visita ao centro de log\u00edstica da empresa de distribui\u00e7\u00e3o INSCO, em Ponta Delgada, os programas Estagiar \u201cnecessitam de altera\u00e7\u00f5es que corrijam injusti\u00e7as no seu ingresso e permitam uma mais r\u00e1pida integra\u00e7\u00e3o dos estagi\u00e1rios no mercado de trabalho\u201d.<\/p>\n<p>\u201cOs programas Estagiar s\u00e3o importantes no aperfei\u00e7oamento da experi\u00eancia profissional em contexto real de trabalho, mas t\u00eam de efetivamente facilitar a transi\u00e7\u00e3o dos estudantes para a vida ativa. \u00c9 fundamental a sua melhor e maior adequa\u00e7\u00e3o \u00e0 realidade\u201d, defende.<\/p>\n<p>\u201cE uma das nossas propostas \u00e9 de que quem est\u00e1 inserido nos programas Estagiar seja obrigatoriamente abrangido pelo regime geral de Seguran\u00e7a Social dos trabalhadores por conta de outrem, podendo assim iniciar a sua carreira contributiva para efeitos de prote\u00e7\u00e3o social\u201d, refere o social-democrata.<\/p>\n<p>Real\u00e7ando que a pandemia de Covid-19 \u201cagravou, ainda mais, a situa\u00e7\u00e3o econ\u00f3mica e social da nossa regi\u00e3o, dadas as perdas de rendimentos dos agregados familiares, tamb\u00e9m afetou muitos jovens, sobretudo os que, terminada a sua forma\u00e7\u00e3o, buscam o primeiro emprego\u201d.<\/p>\n<p>Os social-democratas pretendem que \u201cseja aumentada a dura\u00e7\u00e3o dos est\u00e1gios realizados em entidades privadas ao abrigo do Estagiar L e Estagiar T, de forma a suprir a necessidade de m\u00e3o-de-obra qualificada em diferentes setores de atividade\u201d, da mesma forma que \u201cdeve passar a existir apenas um per\u00edodo de candidatura, de 1 de agosto a 28 de fevereiro, e o in\u00edcio dos programas deve ocorrer entre 1 de setembro e 31 de mar\u00e7o\u201d, adianta Fl\u00e1vio Soares.<\/p>\n<p>\u201cDeve tamb\u00e9m ser criado um per\u00edodo experimental de 30 dias nos programas Estagiar L e T, em caso de incumprimento dos projetos de est\u00e1gio, com a oportunidade de apresenta\u00e7\u00e3o de novas candidaturas sem quaisquer penaliza\u00e7\u00f5es. E aumentada a bolsa mensal atribu\u00edda aos jovens que os realizem em Santa Maria, Graciosa, S\u00e3o Jorge, Pico, Flores e Corvo, de modo a promover a coes\u00e3o territorial\u201d, diz o deputado do PSD\/A\u00e7ores.<\/p>\n<p>A proposta social-democrata prev\u00ea ainda \u201ca reposi\u00e7\u00e3o do hor\u00e1rio semanal de 35 horas no programa Estagiar U, sendo quatro horas di\u00e1rias preenchidas em contexto laboral e tr\u00eas horas di\u00e1rias de forma\u00e7\u00e3o nas \u00e1reas do empreendedorismo\u201d, conclui Fl\u00e1vio Soares.<\/p>\n<p>O parlamentar social-democrata acrescentou que estas melhorias nos Programas Estagiar \u201cs\u00e3o uma pretens\u00e3o do PSD\/A\u00e7ores de v\u00e1rios anos e contaram com a apresenta\u00e7\u00e3o de propostas por parte da JSD\/A\u00e7ores, ap\u00f3s um trabalho de ausculta\u00e7\u00e3o sobre a operacionalidade dos mesmos programas\u201d.<\/p>\n","protected":false},"excerpt":{"rendered":"<p>O grupo parlamentar do PSD\/A\u00e7ores quer promover \u201cmelhorias nos Programas Estagiar\u201d e entregou hoje na Assembleia Legislativa um projeto de resolu\u00e7\u00e3o visando \u201cuma melhor transi\u00e7\u00e3o dos<span class=\"excerpt-hellip\"> [\u2026]<\/span><\/p>\n","protected":false},"author":1,"featured_media":6632,"comment_status":"open","ping_status":"open","sticky":false,"template":"","format":"image","meta":{"spay_email":"","footnotes":"","jetpack_publicize_message":"","jetpack_is_tweetstorm":false,"jetpack_publicize_feature_enabled":true},"categories":[28,11],"tags":[64,65],"class_list":["post-6631","post","type-post","status-publish","format-image","has-post-thumbnail","hentry","category-destaque","category-news","tag-alraa","tag-estagiar","post_format-post-format-image"],"jetpack_featured_media_url":"https:\/\/i0.wp.com\/jsdacores.pt\/front\/wp-content\/uploads\/2021\/10\/FLAVIO-SOARES-ESTAGIAR-15OUT2021-FOTO-1-scaled.jpg?fit=2560%2C1707","jetpack_publicize_connections":[],"jetpack_sharing_enabled":true,"jetpack_shortlink":"https:\/\/wp.me\/p8wvZV-1IX","_links":{"self":[{"href":"http:\/\/jsdacores.pt\/front\/wp-json\/wp\/v2\/posts\/6631","targetHints":{"allow":["GET"]}}],"collection":[{"href":"http:\/\/jsdacores.pt\/front\/wp-json\/wp\/v2\/posts"}],"about":[{"href":"http:\/\/jsdacores.pt\/front\/wp-json\/wp\/v2\/types\/post"}],"author":[{"embeddable":true,"href":"http:\/\/jsdacores.pt\/front\/wp-json\/wp\/v2\/users\/1"}],"replies":[{"embeddable":true,"href":"http:\/\/jsdacores.pt\/front\/wp-json\/wp\/v2\/comments?post=6631"}],"version-history":[{"count":1,"href":"http:\/\/jsdacores.pt\/front\/wp-json\/wp\/v2\/posts\/6631\/revisions"}],"predecessor-version":[{"id":6633,"href":"http:\/\/jsdacores.pt\/front\/wp-json\/wp\/v2\/posts\/6631\/revisions\/6633"}],"wp:featuredmedia":[{"embeddable":true,"href":"http:\/\/jsdacores.pt\/front\/wp-json\/wp\/v2\/media\/6632"}],"wp:attachment":[{"href":"http:\/\/jsdacores.pt\/front\/wp-json\/wp\/v2\/media?parent=6631"}],"wp:term":[{"taxonomy":"category","embeddable":true,"href":"http:\/\/jsdacores.pt\/front\/wp-json\/wp\/v2\/categories?post=6631"},{"taxonomy":"post_tag","embeddable":true,"href":"http:\/\/jsdacores.pt\/front\/wp-json\/wp\/v2\/tags?post=6631"}],"curies":[{"name":"wp","href":"https:\/\/api.w.org\/{rel}","templated":true}]}}