{"id":6635,"date":"2021-11-09T16:31:31","date_gmt":"2021-11-09T16:31:31","guid":{"rendered":"http:\/\/jsdacores.pt\/front\/?p=6635"},"modified":"2021-11-09T16:31:31","modified_gmt":"2021-11-09T16:31:31","slug":"bianca-azevedo-e-a-nova-presidente-da-jsd-faial","status":"publish","type":"post","link":"http:\/\/jsdacores.pt\/front\/news\/bianca-azevedo-e-a-nova-presidente-da-jsd-faial\/","title":{"rendered":"Bianca Azevedo \u00e9 a nova presidente da JSD\/Faial"},"content":{"rendered":"<p><strong>A mudan\u00e7a de lideran\u00e7a da JSD\/Faial deu-se no passado s\u00e1bado, num ato eleitoral que decorreu nesta estrutura local da Juventude Social Democrata dos A\u00e7ores, tendo eleito Bianca Azevedo como a nova presidente dos Jovens Social Democratas Faialenses. <\/strong><\/p>\n<p><span data-tt=\"{&quot;paragraphStyle&quot;:{&quot;alignment&quot;:4,&quot;style&quot;:3,&quot;writingDirection&quot;:1}}\">Para Bianca Azevedo &#8220;a <\/span><span data-tt=\"{&quot;paragraphStyle&quot;:{&quot;alignment&quot;:4,&quot;style&quot;:3,&quot;writingDirection&quot;:1}}\">nossa miss\u00e3o \u00e9 fomentar momentos que permitam aos jovens faialenses expressarem-se e fazerem-se ouvir, incentivando um ambiente plural em que o di\u00e1logo e a concerta\u00e7\u00e3o s\u00e3o constantes na viv\u00eancia dos princ\u00edpios e valores que regem a social-democracia&#8221;, aponta. <\/span><\/p>\n<p><span data-tt=\"{&quot;paragraphStyle&quot;:{&quot;alignment&quot;:4,&quot;style&quot;:3,&quot;writingDirection&quot;:1}}\">Para a nova equipa a prioridade &#8220;<\/span><span data-tt=\"{&quot;paragraphStyle&quot;:{&quot;alignment&quot;:4,&quot;style&quot;:3,&quot;writingDirection&quot;:1}}\">\u00e9 que os jovens sintam que a estrutura existe e est\u00e1 dispon\u00edvel para os ouvir e integrar&#8221;, real\u00e7ando que &#8220;objetivo \u00e9 motivar os militantes e simpatizantes da estrutura e trazer mais jovens para a mesma, e pretendemos faz\u00ea-lo cumprindo um plano de atividades inovador&#8221;, afirma a nova presidente da estrutura. <\/span><\/p>\n<p><span data-tt=\"{}\">&#8220;Tenho comigo uma equipa din\u00e2mica, com vontade de trabalhar com e para os jovens da ilha. Estamos preparados para trilhar o caminho da JSD\/Faial nos pr\u00f3ximos dois anos, e superar os desafios que, certamente, surgir\u00e3o.&#8221; concluiu Bianca Azevedo. <\/span><\/p>\n<p><span data-tt=\"{&quot;paragraphStyle&quot;:{&quot;alignment&quot;:4,&quot;writingDirection&quot;:1}}\">Integram a nova Comiss\u00e3o Pol\u00edtica de Ilha, Leandro Martins e Bianca Mendes como Vice-presidentes e Lisandra Silva, Vitor Mourinho, Carolina Borges, Beatriz Domanoski, Mariana Pereira e Mariana Bettencourt como vogais. J\u00e1 a Assembleia de Ilha ser\u00e1 presidida por Mariana Fortuna, acompanhada de Alexandra Lob\u00e3o como Vice-Presidente e Miriam Pereira como Secret\u00e1ria. <\/span><\/p>\n<p><span data-tt=\"{&quot;paragraphStyle&quot;:{&quot;alignment&quot;:4,&quot;writingDirection&quot;:1}}\">A JSD\/A\u00e7ores endere\u00e7a \u00e0 nova equipa os maiores sucessos e deseja um bom trabalho.<\/span><\/p>\n","protected":false},"excerpt":{"rendered":"<p>A mudan\u00e7a de lideran\u00e7a da JSD\/Faial deu-se no passado s\u00e1bado, num ato eleitoral que decorreu nesta estrutura local da Juventude Social Democrata dos A\u00e7ores, tendo eleito<span class=\"excerpt-hellip\"> [\u2026]<\/span><\/p>\n","protected":false},"author":1,"featured_media":6636,"comment_status":"open","ping_status":"open","sticky":false,"template":"","format":"image","meta":{"spay_email":"","footnotes":"","jetpack_publicize_message":"","jetpack_is_tweetstorm":false,"jetpack_publicize_feature_enabled":true},"categories":[28,11],"tags":[66,37,62],"class_list":["post-6635","post","type-post","status-publish","format-image","has-post-thumbnail","hentry","category-destaque","category-news","tag-cpi","tag-faial","tag-jsd-faial","post_format-post-format-image"],"jetpack_featured_media_url":"https:\/\/i0.wp.com\/jsdacores.pt\/front\/wp-content\/uploads\/2021\/11\/2021-07-24_PSD-A_HRM_3046-2-scaled.jpg?fit=2560%2C1707","jetpack_publicize_connections":[],"jetpack_sharing_enabled":true,"jetpack_shortlink":"https:\/\/wp.me\/p8wvZV-1J1","_links":{"self":[{"href":"http:\/\/jsdacores.pt\/front\/wp-json\/wp\/v2\/posts\/6635","targetHints":{"allow":["GET"]}}],"collection":[{"href":"http:\/\/jsdacores.pt\/front\/wp-json\/wp\/v2\/posts"}],"about":[{"href":"http:\/\/jsdacores.pt\/front\/wp-json\/wp\/v2\/types\/post"}],"author":[{"embeddable":true,"href":"http:\/\/jsdacores.pt\/front\/wp-json\/wp\/v2\/users\/1"}],"replies":[{"embeddable":true,"href":"http:\/\/jsdacores.pt\/front\/wp-json\/wp\/v2\/comments?post=6635"}],"version-history":[{"count":2,"href":"http:\/\/jsdacores.pt\/front\/wp-json\/wp\/v2\/posts\/6635\/revisions"}],"predecessor-version":[{"id":6638,"href":"http:\/\/jsdacores.pt\/front\/wp-json\/wp\/v2\/posts\/6635\/revisions\/6638"}],"wp:featuredmedia":[{"embeddable":true,"href":"http:\/\/jsdacores.pt\/front\/wp-json\/wp\/v2\/media\/6636"}],"wp:attachment":[{"href":"http:\/\/jsdacores.pt\/front\/wp-json\/wp\/v2\/media?parent=6635"}],"wp:term":[{"taxonomy":"category","embeddable":true,"href":"http:\/\/jsdacores.pt\/front\/wp-json\/wp\/v2\/categories?post=6635"},{"taxonomy":"post_tag","embeddable":true,"href":"http:\/\/jsdacores.pt\/front\/wp-json\/wp\/v2\/tags?post=6635"}],"curies":[{"name":"wp","href":"https:\/\/api.w.org\/{rel}","templated":true}]}}