{"id":6679,"date":"2021-11-25T12:00:05","date_gmt":"2021-11-25T12:00:05","guid":{"rendered":"http:\/\/jsdacores.pt\/front\/?p=6679"},"modified":"2021-11-25T14:49:04","modified_gmt":"2021-11-25T14:49:04","slug":"jsd-faial-realiza-cerimonia-de-inicio-de-mandato","status":"publish","type":"post","link":"http:\/\/jsdacores.pt\/front\/news\/jsd-faial-realiza-cerimonia-de-inicio-de-mandato\/","title":{"rendered":"JSD\/Faial realiza cerim\u00f3nia de in\u00edcio de mandato"},"content":{"rendered":"<p><strong>Os novos \u00f3rg\u00e3os da JSD\/Faial realizaram, no passado dia 23 de novembro na sede da estrutura, uma cerim\u00f3nia de in\u00edcio de mandato. Na ocasi\u00e3o, a presidente da CPI, Bianca Azevedo, apresentou o plano de Atividades para os pr\u00f3ximos dois anos.\u00a0<\/strong><\/p>\n<p>A cerim\u00f3nia foi conduzida pela rec\u00e9m eleita Presidente da Mesa da Assembleia de Ilha da JSD\/Faial, Mariana Fortuna, que iniciou a cerim\u00f3nia cumprimentando os presentes e convidando a discursar o Presidente Cessante, Ricardo Costa.<\/p>\n<p>Ricardo Costa, que liderou a JSD\/Faial nos \u00faltimos cinco anos, faz uma interven\u00e7\u00e3o em que primeiramente faz um balan\u00e7o dos mandatos, frisando a\u00e7\u00f5es desenvolvidas pela JSD\/Faial e feitos concretizados mesmo quando eram oposi\u00e7\u00e3o no governo e no munic\u00edpio. Destaca que &#8220;foi com for\u00e7a de vontade e apostando na inova\u00e7\u00e3o que as novas gera\u00e7\u00f5es trazem que fomos pouco a pouco desbravando terreno\u201d para fazerem cumprir os seus objetivos. Agradeceu ainda a Daniel, presidente que o antecedeu na lideran\u00e7a da estrutura local, e a Carlos Ferreira que, enquanto Presidente da CPI do PSD\/Faial, sempre se mostrou dispon\u00edvel para ouvir e trabalhar com a Juventude do partido. Por fim, mostrou ainda o orgulho que tem nos elementos que outrora faziam parte da sua equipa e agora continuam o legado da estrutura, nomeadamente Bianca Azevedo que agora lhe rende na presid\u00eancia da JSD\/Faial.<\/p>\n<p>Ap\u00f3s esta interven\u00e7\u00e3o, a presidente da mesa, Mariana Fortuna, apresentou os novos membros dos \u00f3rg\u00e3os eleitos da JSD\/Faial.<\/p>\n<p>Foi, ent\u00e3o, convidado a intervir o Presidente da Comiss\u00e3o Politica do PSD\/Faial, Carlos Ferreira, o qual come\u00e7ou por exprimir o seu contentamento em estar presente na cerim\u00f3nia. Expressou os votos de um bom trabalho e de sucesso \u00e0 Presidente da CPI da JSD\/Faial e na sua pessoa todos os membros do \u00f3rg\u00e3o, assim como \u00e0 Presidente da Assembleia de Ilha da JSD\/Faial e na sua pessoa todos os membros da mesa, mas n\u00e3o o fez sem antes se ter dirigido ao anterior presidente, Ricardo Costa, junto com o qual enfrentou v\u00e1rios desafios. Seguidamente, elogiou e reconheceu todos os jovens que d\u00e3o o seu contributo \u00e0 sociedade, nomeadamente aqueles que se envolvem na pol\u00edtica, mesmo quando na atualidade o lado pejorativo na palavra \u201cpol\u00edtica\u201d prevalece na opini\u00e3o publica. Deixa ainda uma palavra de encorajamento \u00e0 equipa e o voto de confian\u00e7a de que juntos v\u00e3o superar os desafios que surgirem. Finaliza apontando \u201cque \u00e9 com os jovens que vamos construir o futuro do Faial\u201d.<\/p>\n<p>De seguida, foi lida, pela Presidente da Mesa, Mariana Fortuna, uma mensagem deixada pelo Presidente da JSD\/A\u00e7ores, Lu\u00eds Raposo, na qual parabenizou a elei\u00e7\u00e3o de todos os eleitos e se mostrou dispon\u00edvel para com a estrutura local.<\/p>\n<p>Interveio tamb\u00e9m um dos vice-presidentes da JSD\/Faial, Leandro Martins, que se mostrou pronto a trabalhar para o bem da estrutura e dos jovens, e fazer valer, mais uma vez, os seus anos de experi\u00eancia enquanto membro da CPI da JSD\/Faial.<\/p>\n<p>A Presidente da Comiss\u00e3o Pol\u00edtica de Ilha da JSD\/Faial, Bianca Azevedo discursou come\u00e7ando por agradecer a confian\u00e7a nela depositada para liderar a estrutura, e em particular \u00e0queles que aceitaram ser parte da sua equipa. Em segundo lugar, salientou a amabilidade do l\u00edder regional da juventude em deixar uma mensagem, embora n\u00e3o pudesse estar presente, e agradeceu a interven\u00e7\u00e3o e os votos de felicidade dirigidos pelo presidente da CPI do PSD\/Faial, mostrando disponibilidade para trabalhar ao lado do partido. De seguida, agradeceu aos anteriores presidentes da JSD\/Faial \u201cpor terem dado a oportunidade aos jovens faialenses de se integrarem na social democracia\u201d, em especial ao Ricardo Costa que fez um trabalho not\u00e1vel e elevou a fasquia para o mandato que se segue. A l\u00edder da estrutura, passou, ent\u00e3o, \u00e0 apresenta\u00e7\u00e3o do plano de mandato cuja miss\u00e3o \u00e9 \u201cnum ambiente plural, continuar a criar oportunidades que permitam que os jovens faialenses expressem as suas ideias e opini\u00f5es e as fa\u00e7am ser ouvidas\u201d e, portanto, \u201cpromover o di\u00e1logo e a concerta\u00e7\u00e3o de ideias, enquanto pilares na viv\u00eancia dos princ\u00edpios e valores que regem a social-democracia e esta estrutura\u201d. Assegurou tamb\u00e9m que a prioridade \u00e9 mostrar que \u201ca estrutura existe e est\u00e1 dispon\u00edvel para integrar os jovens\u201d. Refletiu ainda sobre o desafio que seriam os pr\u00f3ximos dois anos, mas mostrou-se preparada e empenhada em alcan\u00e7ar as cinco metas do plano \u201cmais participa\u00e7\u00e3o, mais milit\u00e2ncia, mais atividade, mais representa\u00e7\u00e3o, mais aprendizagem e mais reconhecimento\u201d e salientou que \u201cos jovens s\u00e3o o futuro, mas acima de tudo s\u00e3o o presente\u201d. De seguida, apresentou as iniciativas que comp\u00f5em o plano de atividades de dezembro: o tradicional \u201cNatal Solid\u00e1rio\u201d; e como novidade a \u201cCarta ao Munic\u00edpio Natal\u201d. Por fim, comprometeu-se junto com a sua equipa multidisciplinar em \u201ctrabalhar todos dias com e para os jovens faialenses\u201d<\/p>\n<p>Foi no passado dia 6 de novembro que decorreram as elei\u00e7\u00f5es da estrutura que lhe concederam uma nova lideran\u00e7a. Integram a Comiss\u00e3o Pol\u00edtica de Ilha a presidente, Bianca Azevedo, os vice-presidentes Leandro Martins e Bianca Mendes, os vogais Lisandra Silva, Vitor Mourinho, Carolina Borges, Beatriz Domanoski, Mariana Pereira e Mariana Bettencourt e os suplentes Miguel Rodrigues, Duda Montrond e Helena Silva. J\u00e1 a Mesa da Assembleia de Ilha \u00e9 presidida por, Mariana Fortuna, e tem como vice<\/p>\n","protected":false},"excerpt":{"rendered":"<p>Os novos \u00f3rg\u00e3os da JSD\/Faial realizaram, no passado dia 23 de novembro na sede da estrutura, uma cerim\u00f3nia de in\u00edcio de mandato. Na ocasi\u00e3o, a presidente<span class=\"excerpt-hellip\"> [\u2026]<\/span><\/p>\n","protected":false},"author":1,"featured_media":6680,"comment_status":"open","ping_status":"open","sticky":false,"template":"","format":"image","meta":{"spay_email":"","footnotes":"","jetpack_publicize_message":"","jetpack_is_tweetstorm":false,"jetpack_publicize_feature_enabled":true},"categories":[11,24],"tags":[63,62],"class_list":["post-6679","post","type-post","status-publish","format-image","has-post-thumbnail","hentry","category-news","category-jotalocal","tag-jotalocal","tag-jsd-faial","post_format-post-format-image"],"jetpack_featured_media_url":"https:\/\/i0.wp.com\/jsdacores.pt\/front\/wp-content\/uploads\/2021\/11\/1.jpg?fit=1920%2C1280","jetpack_publicize_connections":[],"jetpack_sharing_enabled":true,"jetpack_shortlink":"https:\/\/wp.me\/p8wvZV-1JJ","_links":{"self":[{"href":"http:\/\/jsdacores.pt\/front\/wp-json\/wp\/v2\/posts\/6679","targetHints":{"allow":["GET"]}}],"collection":[{"href":"http:\/\/jsdacores.pt\/front\/wp-json\/wp\/v2\/posts"}],"about":[{"href":"http:\/\/jsdacores.pt\/front\/wp-json\/wp\/v2\/types\/post"}],"author":[{"embeddable":true,"href":"http:\/\/jsdacores.pt\/front\/wp-json\/wp\/v2\/users\/1"}],"replies":[{"embeddable":true,"href":"http:\/\/jsdacores.pt\/front\/wp-json\/wp\/v2\/comments?post=6679"}],"version-history":[{"count":2,"href":"http:\/\/jsdacores.pt\/front\/wp-json\/wp\/v2\/posts\/6679\/revisions"}],"predecessor-version":[{"id":6682,"href":"http:\/\/jsdacores.pt\/front\/wp-json\/wp\/v2\/posts\/6679\/revisions\/6682"}],"wp:featuredmedia":[{"embeddable":true,"href":"http:\/\/jsdacores.pt\/front\/wp-json\/wp\/v2\/media\/6680"}],"wp:attachment":[{"href":"http:\/\/jsdacores.pt\/front\/wp-json\/wp\/v2\/media?parent=6679"}],"wp:term":[{"taxonomy":"category","embeddable":true,"href":"http:\/\/jsdacores.pt\/front\/wp-json\/wp\/v2\/categories?post=6679"},{"taxonomy":"post_tag","embeddable":true,"href":"http:\/\/jsdacores.pt\/front\/wp-json\/wp\/v2\/tags?post=6679"}],"curies":[{"name":"wp","href":"https:\/\/api.w.org\/{rel}","templated":true}]}}