{"id":6684,"date":"2021-11-29T15:57:41","date_gmt":"2021-11-29T15:57:41","guid":{"rendered":"http:\/\/jsdacores.pt\/front\/?p=6684"},"modified":"2021-11-29T15:57:41","modified_gmt":"2021-11-29T15:57:41","slug":"jsd-acores-apela-as-autarquias-locais-para-cumprimento-dos-conselhos-municipais-de-juventude","status":"publish","type":"post","link":"http:\/\/jsdacores.pt\/front\/news\/jsd-acores-apela-as-autarquias-locais-para-cumprimento-dos-conselhos-municipais-de-juventude\/","title":{"rendered":"JSD\/A\u00e7ores apela ao normal funcionamento dos Conselhos Municipais de Juventude"},"content":{"rendered":"<p><strong>A JSD\/A\u00e7ores fez hoje um apelo \u00e0s v\u00e1rias C\u00e2maras Municipais da Regi\u00e3o \u201cpara que adotem pol\u00edticas efetivamente dirigidas aos jovens a\u00e7orianos\u201d, recomendando \u00e0s autarquias a\u00e7orianas \u201co normal funcionamento dos Conselhos Municipais de Juventude\u201d.<\/strong><\/p>\n<p>A comiss\u00e3o pol\u00edtica regional liderada por Lu\u00eds Raposo alerta mesmo os novos \u00f3rg\u00e3os \u201csobre a necessidade de funcionamento dos Conselhos Municipais de Juventude, um f\u00f3rum que permite a participa\u00e7\u00e3o ativa dos jovens na vida pol\u00edtica de cada concelho\u201d.<\/p>\n<p>Para o presidente da JSD\/A\u00e7ores, \u201cas C\u00e2maras Municipais devem unir esfor\u00e7os, no sentido de reunir esses Conselhos, permitindo aos jovens, \u00e0s associa\u00e7\u00f5es e \u00e0s institui\u00e7\u00f5es juvenis, contribuir, em sede pr\u00f3pria e de forma v\u00e1lida, para as pol\u00edticas de juventude das suas comunidades\u201d, disse.<\/p>\n<p>Lu\u00eds Raposo real\u00e7a que \u201cos Conselhos Municipais de Juventude s\u00e3o obrigat\u00f3rios por lei, mas como n\u00e3o se prev\u00ea qualquer regime sancionat\u00f3rio por falta de cumprimento, a sua realiza\u00e7\u00e3o tem vindo a ser descurada por v\u00e1rias autarquias, tamb\u00e9m nos A\u00e7ores\u201d, alertou.<\/p>\n<p>As reuni\u00f5es dos Conselhos Municipais de Juventude \u201cs\u00e3o de extrema import\u00e2ncia,\u201d e o presidente da JSD\/A\u00e7ores diz mesmo que \u201ccumprir com a sua realiza\u00e7\u00e3o \u00e9 cumprir um exerc\u00edcio de cidadania e participa\u00e7\u00e3o pol\u00edtica junto daqueles a quem o futuro tamb\u00e9m diz respeito, com um forte contributo dos agentes p\u00fablicos e pol\u00edticos para a envolv\u00eancia dos jovens\u201d.<\/p>\n<p>Lu\u00eds Raposo acrescenta que \u201ca JSD\/A\u00e7ores acredita que aqueles f\u00f3runs podem contribuir para uma maior participa\u00e7\u00e3o dos jovens em futuras elei\u00e7\u00f5es e, consequentemente, reduzir as taxas de absten\u00e7\u00e3o registadas na Regi\u00e3o\u201d.<\/p>\n<p>Recorde-se que os Conselhos Municipais de Juventude s\u00e3o um \u00f3rg\u00e3o consultivo dos munic\u00edpios para as pol\u00edticas direcionadas para a juventude, regulamentado atrav\u00e9s do regime jur\u00eddico dos conselhos municipais de juventude, pela Lei n\u00ba8\/2009 de 18 de fevereiro, alterada pela Lei n\u00ba6\/2012, de 10 de fevereiro.<\/p>\n<div class=\"yj6qo\"><\/div>\n<div class=\"adL\"><\/div>\n","protected":false},"excerpt":{"rendered":"<p>A JSD\/A\u00e7ores fez hoje um apelo \u00e0s v\u00e1rias C\u00e2maras Municipais da Regi\u00e3o \u201cpara que adotem pol\u00edticas efetivamente dirigidas aos jovens a\u00e7orianos\u201d, recomendando \u00e0s autarquias a\u00e7orianas \u201co<span class=\"excerpt-hellip\"> [\u2026]<\/span><\/p>\n","protected":false},"author":1,"featured_media":6687,"comment_status":"open","ping_status":"open","sticky":false,"template":"","format":"image","meta":{"spay_email":"","footnotes":"","jetpack_publicize_message":"","jetpack_is_tweetstorm":false,"jetpack_publicize_feature_enabled":true},"categories":[28,11],"tags":[69,68,70],"class_list":["post-6684","post","type-post","status-publish","format-image","has-post-thumbnail","hentry","category-destaque","category-news","tag-autarquias","tag-conselhosmunicipaisjuventude","tag-jsd-acores","post_format-post-format-image"],"jetpack_featured_media_url":"https:\/\/i0.wp.com\/jsdacores.pt\/front\/wp-content\/uploads\/2021\/11\/LUIS-RAPOSO-JSD-Acores-18NOV21-foto.jpg?fit=2275%2C1517","jetpack_publicize_connections":[],"jetpack_sharing_enabled":true,"jetpack_shortlink":"https:\/\/wp.me\/p8wvZV-1JO","_links":{"self":[{"href":"http:\/\/jsdacores.pt\/front\/wp-json\/wp\/v2\/posts\/6684","targetHints":{"allow":["GET"]}}],"collection":[{"href":"http:\/\/jsdacores.pt\/front\/wp-json\/wp\/v2\/posts"}],"about":[{"href":"http:\/\/jsdacores.pt\/front\/wp-json\/wp\/v2\/types\/post"}],"author":[{"embeddable":true,"href":"http:\/\/jsdacores.pt\/front\/wp-json\/wp\/v2\/users\/1"}],"replies":[{"embeddable":true,"href":"http:\/\/jsdacores.pt\/front\/wp-json\/wp\/v2\/comments?post=6684"}],"version-history":[{"count":2,"href":"http:\/\/jsdacores.pt\/front\/wp-json\/wp\/v2\/posts\/6684\/revisions"}],"predecessor-version":[{"id":6686,"href":"http:\/\/jsdacores.pt\/front\/wp-json\/wp\/v2\/posts\/6684\/revisions\/6686"}],"wp:featuredmedia":[{"embeddable":true,"href":"http:\/\/jsdacores.pt\/front\/wp-json\/wp\/v2\/media\/6687"}],"wp:attachment":[{"href":"http:\/\/jsdacores.pt\/front\/wp-json\/wp\/v2\/media?parent=6684"}],"wp:term":[{"taxonomy":"category","embeddable":true,"href":"http:\/\/jsdacores.pt\/front\/wp-json\/wp\/v2\/categories?post=6684"},{"taxonomy":"post_tag","embeddable":true,"href":"http:\/\/jsdacores.pt\/front\/wp-json\/wp\/v2\/tags?post=6684"}],"curies":[{"name":"wp","href":"https:\/\/api.w.org\/{rel}","templated":true}]}}