{"id":6688,"date":"2021-12-01T19:42:19","date_gmt":"2021-12-01T19:42:19","guid":{"rendered":"http:\/\/jsdacores.pt\/front\/?p=6688"},"modified":"2021-12-01T19:42:19","modified_gmt":"2021-12-01T19:42:19","slug":"jsd-acores-participa-no-forum-acores-promocao-da-igualdade-e-da-inclusao-social","status":"publish","type":"post","link":"http:\/\/jsdacores.pt\/front\/news\/jsd-acores-participa-no-forum-acores-promocao-da-igualdade-e-da-inclusao-social\/","title":{"rendered":"JSD\/A\u00e7ores participa no F\u00f3rum A\u00e7ores &#8211; Promo\u00e7\u00e3o da Igualdade e da Inclus\u00e3o Social"},"content":{"rendered":"<p><strong>A JSD\/A\u00e7ores marcou presen\u00e7a no F\u00f3rum A\u00e7ores &#8211; Promo\u00e7\u00e3o da Igualdade e da Inclus\u00e3o Social promovido pelo Gabinete do Subsecret\u00e1rio Regional da Presid\u00eancia e pela Vice-Presid\u00eancia do Governo Regional, que decorreu esta semana, em formato online.<\/strong><\/p>\n<p>O evento, realizado no \u00e2mbito da Confer\u00eancia sobre o Futuro da Europa, lan\u00e7ada em maio em Estrasburgo, deu azo \u00e0 realiza\u00e7\u00e3o de uma s\u00e9rie de debates que permitir\u00e3o aos a\u00e7orianos partilhar ideias que possam moldar um futuro comum enquanto cidad\u00e3os europeus.<\/p>\n<p>Na ocasi\u00e3o, Andr\u00e9 Pontes, em representa\u00e7\u00e3o da JSD\/A\u00e7ores, enalteceu a realiza\u00e7\u00e3o da iniciativa \u201cque trata um tema sens\u00edvel, com uma import\u00e2ncia extrema para a constru\u00e7\u00e3o de um arquip\u00e9lago mais solid\u00e1rio, mais inclusivo e mais acess\u00edvel\u201d salientou.<\/p>\n<p>Andr\u00e9 Pontes referiu ainda que \u201cnestes \u00faltimos tempos, alguns dos comportamentos discriminat\u00f3rios, sobretudo devidos ao cen\u00e1rio pand\u00e9mico, que nos t\u00eam assolado, culminaram na falta de rela\u00e7\u00f5es interpessoais, sobretudo nas camadas mais jovens\u201d, e salientou que \u201cessa lacuna originou, de forma transversal, um agravamento nos \u00edndices de afastamento social, racismo, xenofobia, homofobia, entre outros\u201d.<\/p>\n<p>Os jovens sociais democratas a\u00e7orianos apresentaram propostas para o turismo inclusivo e para a defesa dos Direitos das pessoas LGBTI. As sugest\u00f5es apresentadas constar\u00e3o de um relat\u00f3rio que ser\u00e1 entregue \u00e0 Comiss\u00e3o Europeia.<\/p>\n<div class=\"adL\"><\/div>\n","protected":false},"excerpt":{"rendered":"<p>A JSD\/A\u00e7ores marcou presen\u00e7a no F\u00f3rum A\u00e7ores &#8211; Promo\u00e7\u00e3o da Igualdade e da Inclus\u00e3o Social promovido pelo Gabinete do Subsecret\u00e1rio Regional da Presid\u00eancia e pela Vice-Presid\u00eancia<span class=\"excerpt-hellip\"> [\u2026]<\/span><\/p>\n","protected":false},"author":1,"featured_media":6689,"comment_status":"open","ping_status":"open","sticky":false,"template":"","format":"image","meta":{"spay_email":"","footnotes":"","jetpack_publicize_message":"","jetpack_is_tweetstorm":false,"jetpack_publicize_feature_enabled":true},"categories":[28,11],"tags":[70],"class_list":["post-6688","post","type-post","status-publish","format-image","has-post-thumbnail","hentry","category-destaque","category-news","tag-jsd-acores","post_format-post-format-image"],"jetpack_featured_media_url":"https:\/\/i0.wp.com\/jsdacores.pt\/front\/wp-content\/uploads\/2021\/11\/ANDRE-PONTES-JSD-Acores-1DEZ21-foto-scaled-1.jpg?fit=2560%2C1707","jetpack_publicize_connections":[],"jetpack_sharing_enabled":true,"jetpack_shortlink":"https:\/\/wp.me\/p8wvZV-1JS","_links":{"self":[{"href":"http:\/\/jsdacores.pt\/front\/wp-json\/wp\/v2\/posts\/6688","targetHints":{"allow":["GET"]}}],"collection":[{"href":"http:\/\/jsdacores.pt\/front\/wp-json\/wp\/v2\/posts"}],"about":[{"href":"http:\/\/jsdacores.pt\/front\/wp-json\/wp\/v2\/types\/post"}],"author":[{"embeddable":true,"href":"http:\/\/jsdacores.pt\/front\/wp-json\/wp\/v2\/users\/1"}],"replies":[{"embeddable":true,"href":"http:\/\/jsdacores.pt\/front\/wp-json\/wp\/v2\/comments?post=6688"}],"version-history":[{"count":1,"href":"http:\/\/jsdacores.pt\/front\/wp-json\/wp\/v2\/posts\/6688\/revisions"}],"predecessor-version":[{"id":6690,"href":"http:\/\/jsdacores.pt\/front\/wp-json\/wp\/v2\/posts\/6688\/revisions\/6690"}],"wp:featuredmedia":[{"embeddable":true,"href":"http:\/\/jsdacores.pt\/front\/wp-json\/wp\/v2\/media\/6689"}],"wp:attachment":[{"href":"http:\/\/jsdacores.pt\/front\/wp-json\/wp\/v2\/media?parent=6688"}],"wp:term":[{"taxonomy":"category","embeddable":true,"href":"http:\/\/jsdacores.pt\/front\/wp-json\/wp\/v2\/categories?post=6688"},{"taxonomy":"post_tag","embeddable":true,"href":"http:\/\/jsdacores.pt\/front\/wp-json\/wp\/v2\/tags?post=6688"}],"curies":[{"name":"wp","href":"https:\/\/api.w.org\/{rel}","templated":true}]}}