{"id":6701,"date":"2021-12-20T12:47:51","date_gmt":"2021-12-20T12:47:51","guid":{"rendered":"http:\/\/jsdacores.pt\/front\/?p=6701"},"modified":"2021-12-20T13:22:32","modified_gmt":"2021-12-20T13:22:32","slug":"eunice-sousa-e-daniel-lima-integram-lista-da-ad-alianca-democratica-a-ar","status":"publish","type":"post","link":"http:\/\/jsdacores.pt\/front\/news\/eunice-sousa-e-daniel-lima-integram-lista-da-ad-alianca-democratica-a-ar\/","title":{"rendered":"Eunice Sousa e Daniel Lima integram lista da AD\/Alian\u00e7a Democr\u00e1tica \u00e0 AR"},"content":{"rendered":"<p><strong>Os Vice-Presidentes da JSD\/A\u00e7ores, Eunice Sousa e Daniel Lima, integram a lista da coliga\u00e7\u00e3o PSD, CDS e PPM \u2013 <em>AD\/Alian\u00e7a Democr\u00e1tica<\/em>, \u00e0s elei\u00e7\u00f5es Legislativas Nacionais de 30 de janeiro, em quarto e s\u00e9timo lugar, respetivamente.<\/strong><\/p>\n<p>Eunice Sousa, natural da freguesia de Ponta Gar\u00e7a, concelho de Vila Franca do Campo, 29 anos, assistente social, conta j\u00e1 com m\u00faltiplos cargos exercidos na estrutura de juventude, quer sejam de \u00e2mbito concelhio, ilha ou regional.<\/p>\n<p>Natural da freguesia de Guadalupe, concelho de Santa Cruz da Graciosa, Daniel Lima tem 25 anos, assistente t\u00e9cnico, e conta igualmente com uma vasta experi\u00eancia na JSD\/A\u00e7ores.<\/p>\n<p>Para o l\u00edder da estrutura de juventude social democrata, Lu\u00eds Raposo, \u201ca integra\u00e7\u00e3o destes dois jovens na lista candidata \u00e0 Assembleia da Rep\u00fablica s\u00e3o um claro sinal da renova\u00e7\u00e3o e da import\u00e2ncia que os jovens t\u00eam e merecem junto dos partidos da coliga\u00e7\u00e3o\u201d.<\/p>\n<p>\u201cOlhamos para as escolhas do partido, n\u00e3o s\u00f3 das indica\u00e7\u00f5es da JSD\/A\u00e7ores em quarto e s\u00e9timo lugar, mas tamb\u00e9m, pela inclus\u00e3o de outros jovens, como \u00e9 o caso do Emanuel Sousa, indica\u00e7\u00e3o do CDS, da Ana Catarina Silveira, indicada pela comiss\u00e3o pol\u00edtica de ilha de S\u00e3o Jorge e ainda do Ricardo Vieira, indica\u00e7\u00e3o da comiss\u00e3o Pol\u00edtica de Ilha das Flores, como marca da valoriza\u00e7\u00e3o do trabalho, empenho e do papel essencial da juventude dentro dos partidos da coliga\u00e7\u00e3o\u201d, afirmou Lu\u00eds Raposo.<\/p>\n<p>Recorde-se que lista da <em>AD\/Alian\u00e7a Democr\u00e1tica<\/em>, candidata pelo c\u00edrculo eleitoral dos A\u00e7ores \u00e0 Assembleia da Rep\u00fablica, \u00e9 encabe\u00e7ada pelo atual Deputado, Paulo Moniz, seguindo-se Francisco Pimentel e Il\u00eddia Quadrado.<\/p>\n","protected":false},"excerpt":{"rendered":"<p>Os Vice-Presidentes da JSD\/A\u00e7ores, Eunice Sousa e Daniel Lima, integram a lista da coliga\u00e7\u00e3o PSD, CDS e PPM \u2013 AD\/Alian\u00e7a Democr\u00e1tica, \u00e0s elei\u00e7\u00f5es Legislativas Nacionais de<span class=\"excerpt-hellip\"> [\u2026]<\/span><\/p>\n","protected":false},"author":1,"featured_media":6710,"comment_status":"open","ping_status":"open","sticky":false,"template":"","format":"standard","meta":{"spay_email":"","footnotes":"","jetpack_publicize_message":"","jetpack_is_tweetstorm":false,"jetpack_publicize_feature_enabled":true},"categories":[28,11],"tags":[],"class_list":["post-6701","post","type-post","status-publish","format-standard","has-post-thumbnail","hentry","category-destaque","category-news"],"jetpack_featured_media_url":"https:\/\/i0.wp.com\/jsdacores.pt\/front\/wp-content\/uploads\/2021\/12\/BANNER-SITE-7-2.png?fit=3500%2C1300","jetpack_publicize_connections":[],"jetpack_sharing_enabled":true,"jetpack_shortlink":"https:\/\/wp.me\/p8wvZV-1K5","_links":{"self":[{"href":"http:\/\/jsdacores.pt\/front\/wp-json\/wp\/v2\/posts\/6701","targetHints":{"allow":["GET"]}}],"collection":[{"href":"http:\/\/jsdacores.pt\/front\/wp-json\/wp\/v2\/posts"}],"about":[{"href":"http:\/\/jsdacores.pt\/front\/wp-json\/wp\/v2\/types\/post"}],"author":[{"embeddable":true,"href":"http:\/\/jsdacores.pt\/front\/wp-json\/wp\/v2\/users\/1"}],"replies":[{"embeddable":true,"href":"http:\/\/jsdacores.pt\/front\/wp-json\/wp\/v2\/comments?post=6701"}],"version-history":[{"count":3,"href":"http:\/\/jsdacores.pt\/front\/wp-json\/wp\/v2\/posts\/6701\/revisions"}],"predecessor-version":[{"id":6712,"href":"http:\/\/jsdacores.pt\/front\/wp-json\/wp\/v2\/posts\/6701\/revisions\/6712"}],"wp:featuredmedia":[{"embeddable":true,"href":"http:\/\/jsdacores.pt\/front\/wp-json\/wp\/v2\/media\/6710"}],"wp:attachment":[{"href":"http:\/\/jsdacores.pt\/front\/wp-json\/wp\/v2\/media?parent=6701"}],"wp:term":[{"taxonomy":"category","embeddable":true,"href":"http:\/\/jsdacores.pt\/front\/wp-json\/wp\/v2\/categories?post=6701"},{"taxonomy":"post_tag","embeddable":true,"href":"http:\/\/jsdacores.pt\/front\/wp-json\/wp\/v2\/tags?post=6701"}],"curies":[{"name":"wp","href":"https:\/\/api.w.org\/{rel}","templated":true}]}}