{"id":6714,"date":"2021-12-23T14:36:15","date_gmt":"2021-12-23T14:36:15","guid":{"rendered":"http:\/\/jsdacores.pt\/front\/?p=6714"},"modified":"2021-12-23T14:48:01","modified_gmt":"2021-12-23T14:48:01","slug":"jsd-faial-13-cabazes-de-natal-entregues-a-familias-em-situacao-de-fragilidade-economica-em-resultado-da-iniciativa-natal-solidario","status":"publish","type":"post","link":"http:\/\/jsdacores.pt\/front\/news\/jsd-faial-13-cabazes-de-natal-entregues-a-familias-em-situacao-de-fragilidade-economica-em-resultado-da-iniciativa-natal-solidario\/","title":{"rendered":"JSD\/Faial: 13 cabazes de Natal entregues a fam\u00edlias em situa\u00e7\u00e3o de fragilidade econ\u00f3mica em resultado da iniciativa \u201cNATAL SOLID\u00c1RIO\u201d"},"content":{"rendered":"<p><strong>Nos passados dias 19 e 20 de dezembro a JSD\/Faial completou os objetivos da a\u00e7\u00e3o \u201cNatal Solid\u00e1rio\u201d, entregando 13 cabazes de Natal constitu\u00eddos de g\u00e9neros alimentares, em cada uma das 13 freguesias da ilha do Faial a fam\u00edlias em situa\u00e7\u00e3o de fragilidade econ\u00f3mica, indicadas por cada um dos executivos das juntas de freguesia, respetivamente.<\/strong><\/p>\n<p>A presidente da JSD\/Faial refletiu sobre o facto de que \u201do Natal \u00e9 o tempo em que mais se manifesta a solidariedade, mas a solidariedade tem de acontecer todos os dias, e esta \u00e9 apenas uma das iniciativas que promovem este valor entre as v\u00e1rias que a nossa estrutura tem planeadas para o pr\u00f3ximo ano\u201d.<\/p>\n<p>Ademais, Bianca Azevedo acrescenta ainda que \u201cesta iniciativa tinha uma miss\u00e3o muito simples \u2013 ajudar quem carece, mas que espera que tamb\u00e9m tenha sido instrumento respons\u00e1vel por incutir ou incitar os jovens para o princ\u00edpio da solidariedade e inspira\u00e7\u00e3o para fazer nascer outras miss\u00f5es com o mesmo objetivo\u201d<\/p>\n<p>Por fim, a presidente agradeceu em nome de toda a estrutura local a todas as entidades e particulares que deram o seu contributo e tornaram poss\u00edvel rasgar alguns sorrisos neste Natal.<\/p>\n","protected":false},"excerpt":{"rendered":"<p>Nos passados dias 19 e 20 de dezembro a JSD\/Faial completou os objetivos da a\u00e7\u00e3o \u201cNatal Solid\u00e1rio\u201d, entregando 13 cabazes de Natal constitu\u00eddos de g\u00e9neros alimentares,<span class=\"excerpt-hellip\"> [\u2026]<\/span><\/p>\n","protected":false},"author":1,"featured_media":6715,"comment_status":"open","ping_status":"open","sticky":false,"template":"","format":"standard","meta":{"spay_email":"","footnotes":"","jetpack_publicize_message":"","jetpack_is_tweetstorm":false,"jetpack_publicize_feature_enabled":true},"categories":[28,11,24],"tags":[],"class_list":["post-6714","post","type-post","status-publish","format-standard","has-post-thumbnail","hentry","category-destaque","category-news","category-jotalocal"],"jetpack_featured_media_url":"https:\/\/i0.wp.com\/jsdacores.pt\/front\/wp-content\/uploads\/2021\/12\/Obrigada-e-Feliz-Natal-1.png?fit=1080%2C1080","jetpack_publicize_connections":[],"jetpack_sharing_enabled":true,"jetpack_shortlink":"https:\/\/wp.me\/p8wvZV-1Ki","_links":{"self":[{"href":"http:\/\/jsdacores.pt\/front\/wp-json\/wp\/v2\/posts\/6714","targetHints":{"allow":["GET"]}}],"collection":[{"href":"http:\/\/jsdacores.pt\/front\/wp-json\/wp\/v2\/posts"}],"about":[{"href":"http:\/\/jsdacores.pt\/front\/wp-json\/wp\/v2\/types\/post"}],"author":[{"embeddable":true,"href":"http:\/\/jsdacores.pt\/front\/wp-json\/wp\/v2\/users\/1"}],"replies":[{"embeddable":true,"href":"http:\/\/jsdacores.pt\/front\/wp-json\/wp\/v2\/comments?post=6714"}],"version-history":[{"count":2,"href":"http:\/\/jsdacores.pt\/front\/wp-json\/wp\/v2\/posts\/6714\/revisions"}],"predecessor-version":[{"id":6717,"href":"http:\/\/jsdacores.pt\/front\/wp-json\/wp\/v2\/posts\/6714\/revisions\/6717"}],"wp:featuredmedia":[{"embeddable":true,"href":"http:\/\/jsdacores.pt\/front\/wp-json\/wp\/v2\/media\/6715"}],"wp:attachment":[{"href":"http:\/\/jsdacores.pt\/front\/wp-json\/wp\/v2\/media?parent=6714"}],"wp:term":[{"taxonomy":"category","embeddable":true,"href":"http:\/\/jsdacores.pt\/front\/wp-json\/wp\/v2\/categories?post=6714"},{"taxonomy":"post_tag","embeddable":true,"href":"http:\/\/jsdacores.pt\/front\/wp-json\/wp\/v2\/tags?post=6714"}],"curies":[{"name":"wp","href":"https:\/\/api.w.org\/{rel}","templated":true}]}}