{"id":6734,"date":"2022-01-21T10:05:23","date_gmt":"2022-01-21T10:05:23","guid":{"rendered":"http:\/\/jsdacores.pt\/front\/?p=6734"},"modified":"2022-01-23T20:31:05","modified_gmt":"2022-01-23T20:31:05","slug":"jsd-acores-defende-apoios-para-habitacao-aos-estudantes-na-regiao","status":"publish","type":"post","link":"http:\/\/jsdacores.pt\/front\/news\/jsd-acores-defende-apoios-para-habitacao-aos-estudantes-na-regiao\/","title":{"rendered":"JSD\/A\u00e7ores defende apoios para habita\u00e7\u00e3o aos estudantes na Regi\u00e3o"},"content":{"rendered":"<p><strong>O presidente da JSD\/A\u00e7ores, Lu\u00eds Raposo, defende a cria\u00e7\u00e3o \u201cde medidas de apoio \u00e0 habita\u00e7\u00e3o para os estudantes nos A\u00e7ores, uma reivindica\u00e7\u00e3o a que damos voz h\u00e1 bastante tempo, e que esperamos possa concretizar-se em breve\u201d, disse.<\/strong><\/p>\n<p>O jovem social-democrata prestou declara\u00e7\u00f5es, frisando que \u201ca tem\u00e1tica foi tamb\u00e9m avan\u00e7ada pelo l\u00edder nacional da Juventude Socialista, que esteve em visita aos A\u00e7ores, que assim se associou a um alerta que \u00e9 patrim\u00f3nio da JSD\/A\u00e7ores\u201d, referiu.<\/p>\n<p>\u201cNo fundo, as recentes declara\u00e7\u00f5es do l\u00edder da JS mostram bem a in\u00e9rcia do Governo da Rep\u00fablica, do seu partido, no que \u00e0 Universidade dos A\u00e7ores e aos seus estudantes diz respeito\u201d, adiantou Lu\u00eds Raposo.<\/p>\n<p>\u201cTemos um legado nesta mat\u00e9ria, e j\u00e1 a expusemos aos deputados da JSD na Assembleia da Rep\u00fablica, da\u00ed resultando um requerimento ao Minist\u00e9rio da Ci\u00eancia, Tecnologia e Ensino Superior que, para variar, pouco ou nada fez sobre a quest\u00e3o\u201d, afirmou o presidente da JSD\/A\u00e7ores.<\/p>\n<p>\u201cInfelizmente, os problemas dos alunos da Regi\u00e3o, no caso da Universidade dos A\u00e7ores, n\u00e3o t\u00eam apenas um problema com o alojamento estudantil, uma vez que continua por cumprir a promessa do governo de Ant\u00f3nio Costa, e do ministro Manuel Heitor, de refor\u00e7o de verbas \u00e0 Universidade dos A\u00e7ores\u201d, concluiu.<\/p>\n","protected":false},"excerpt":{"rendered":"<p>O presidente da JSD\/A\u00e7ores, Lu\u00eds Raposo, defende a cria\u00e7\u00e3o \u201cde medidas de apoio \u00e0 habita\u00e7\u00e3o para os estudantes nos A\u00e7ores, uma reivindica\u00e7\u00e3o a que damos voz<span class=\"excerpt-hellip\"> [\u2026]<\/span><\/p>\n","protected":false},"author":1,"featured_media":6736,"comment_status":"open","ping_status":"open","sticky":false,"template":"","format":"image","meta":{"spay_email":"","footnotes":"","jetpack_publicize_message":"","jetpack_is_tweetstorm":false,"jetpack_publicize_feature_enabled":true},"categories":[28,11],"tags":[],"class_list":["post-6734","post","type-post","status-publish","format-image","has-post-thumbnail","hentry","category-destaque","category-news","post_format-post-format-image"],"jetpack_featured_media_url":"https:\/\/i0.wp.com\/jsdacores.pt\/front\/wp-content\/uploads\/2022\/01\/LUIS-RAPOSO-JSD-Entrevista-20JAN22-foto-scaled-1.jpg?fit=2560%2C1707","jetpack_publicize_connections":[],"jetpack_sharing_enabled":true,"jetpack_shortlink":"https:\/\/wp.me\/p8wvZV-1KC","_links":{"self":[{"href":"http:\/\/jsdacores.pt\/front\/wp-json\/wp\/v2\/posts\/6734","targetHints":{"allow":["GET"]}}],"collection":[{"href":"http:\/\/jsdacores.pt\/front\/wp-json\/wp\/v2\/posts"}],"about":[{"href":"http:\/\/jsdacores.pt\/front\/wp-json\/wp\/v2\/types\/post"}],"author":[{"embeddable":true,"href":"http:\/\/jsdacores.pt\/front\/wp-json\/wp\/v2\/users\/1"}],"replies":[{"embeddable":true,"href":"http:\/\/jsdacores.pt\/front\/wp-json\/wp\/v2\/comments?post=6734"}],"version-history":[{"count":1,"href":"http:\/\/jsdacores.pt\/front\/wp-json\/wp\/v2\/posts\/6734\/revisions"}],"predecessor-version":[{"id":6735,"href":"http:\/\/jsdacores.pt\/front\/wp-json\/wp\/v2\/posts\/6734\/revisions\/6735"}],"wp:featuredmedia":[{"embeddable":true,"href":"http:\/\/jsdacores.pt\/front\/wp-json\/wp\/v2\/media\/6736"}],"wp:attachment":[{"href":"http:\/\/jsdacores.pt\/front\/wp-json\/wp\/v2\/media?parent=6734"}],"wp:term":[{"taxonomy":"category","embeddable":true,"href":"http:\/\/jsdacores.pt\/front\/wp-json\/wp\/v2\/categories?post=6734"},{"taxonomy":"post_tag","embeddable":true,"href":"http:\/\/jsdacores.pt\/front\/wp-json\/wp\/v2\/tags?post=6734"}],"curies":[{"name":"wp","href":"https:\/\/api.w.org\/{rel}","templated":true}]}}