{"id":6738,"date":"2022-01-24T10:51:22","date_gmt":"2022-01-24T10:51:22","guid":{"rendered":"http:\/\/jsdacores.pt\/front\/?p=6738"},"modified":"2022-02-23T21:40:16","modified_gmt":"2022-02-23T21:40:16","slug":"jsd-graciosa-reune-com-presidente-da-camara-municipal-de-santa-cruz-da-graciosa","status":"publish","type":"post","link":"http:\/\/jsdacores.pt\/front\/news\/jsd-graciosa-reune-com-presidente-da-camara-municipal-de-santa-cruz-da-graciosa\/","title":{"rendered":"JSD\/Graciosa re\u00fane com Presidente da C\u00e2mara Municipal de Santa Cruz da Graciosa"},"content":{"rendered":"<p><strong>A Comiss\u00e3o Pol\u00edtica de Ilha da JSD\/Graciosa, reuniu na passada semana com o Presidente do Munic\u00edpio daquela ilha, de modo a expor alguns dos problemas da juventude e apresentar duas propostas ao munic\u00edpio: a implementa\u00e7\u00e3o do Cart\u00e3o Jovem e do Cart\u00e3o S\u00e9nior.<\/strong><\/p>\n<p>Para Daniel Lima, presidente da estrutura de juventude da ilha \u201ctoda a comiss\u00e3o pol\u00edtica da JSD\/Graciosa tem uma grande preocupa\u00e7\u00e3o com os nossos jovens, mas n\u00e3o poder\u00edamos deixar de apresentar ao Sr. Presidente a nossa vontade de contribuir para que os nossos seniores sejam tamb\u00e9m beneficiados\u201d, salientando que \u201cneste caso uma proposta que \u00e9 vinda da juventude e que reflete a preocupa\u00e7\u00e3o desta gera\u00e7\u00e3o que est\u00e1 atenta a algumas fragilidades desta faixa et\u00e1ria\u201d concluiu.<\/p>\n<p>\u00c0 margem da reuni\u00e3o, o l\u00edder da estrutura social-democrata Graciosense, referia que \u201co novo presidente da c\u00e2mara municipal, Ant\u00f3nio Reis, mostrou satisfa\u00e7\u00e3o pelo entusiasmo da juventude e vontade de realizar as iniciativas que foram expostas\u201d, salientando que \u201cpretende executar com brevidade o Cart\u00e3o Jovem e colocar para an\u00e1lise da sua equipa a proposta do Cart\u00e3o S\u00e9nior\u201d. Estas propostas foram feitas pela primeira vez \u00e0 C\u00e2mara Municipal de Santa Cruz da Graciosa h\u00e1 mais de 10 anos, pelo presidente da JSD\/Graciosa de ent\u00e3o. Tamb\u00e9m sob a lideran\u00e7a de Daniel Lima foram enviadas propostas para os anteriores executivos, ao que Daniel Lima refere que \u201ca resposta obtida foi que estas se encontravam para an\u00e1lise, por\u00e9m sem nenhum efeito.\u201d<\/p>\n<p>De salientar que o Cart\u00e3o Jovem \u00e9 uma iniciativa que concede aos jovens um conjunto alargado de vantagens, dentro do munic\u00edpio, em Portugal e na Europa, promovendo a mobilidade e a aquisi\u00e7\u00e3o de servi\u00e7os em \u00e1reas como turismo, desporto, cultura, ocupa\u00e7\u00e3o de tempos livres, tecnologias de informa\u00e7\u00e3o, entre outras. J\u00e1 o Cart\u00e3o S\u00e9nior, permite o apoio aos idosos, com benef\u00edcios e descontos que possibilita melhorar a qualidade de vida desta popula\u00e7\u00e3o.<\/p>\n","protected":false},"excerpt":{"rendered":"<p>A Comiss\u00e3o Pol\u00edtica de Ilha da JSD\/Graciosa, reuniu na passada semana com o Presidente do Munic\u00edpio daquela ilha, de modo a expor alguns dos problemas da<span class=\"excerpt-hellip\"> [\u2026]<\/span><\/p>\n","protected":false},"author":1,"featured_media":6739,"comment_status":"open","ping_status":"open","sticky":false,"template":"","format":"image","meta":{"spay_email":"","footnotes":"","jetpack_publicize_message":"","jetpack_is_tweetstorm":false,"jetpack_publicize_feature_enabled":true},"categories":[11,24],"tags":[63,71],"class_list":["post-6738","post","type-post","status-publish","format-image","has-post-thumbnail","hentry","category-news","category-jotalocal","tag-jotalocal","tag-jsd-graciosa","post_format-post-format-image"],"jetpack_featured_media_url":"https:\/\/i0.wp.com\/jsdacores.pt\/front\/wp-content\/uploads\/2022\/01\/2021-07-24_PSD-A_HRM_3729-min-scaled.jpg?fit=2560%2C1707","jetpack_publicize_connections":[],"jetpack_sharing_enabled":true,"jetpack_shortlink":"https:\/\/wp.me\/p8wvZV-1KG","_links":{"self":[{"href":"http:\/\/jsdacores.pt\/front\/wp-json\/wp\/v2\/posts\/6738","targetHints":{"allow":["GET"]}}],"collection":[{"href":"http:\/\/jsdacores.pt\/front\/wp-json\/wp\/v2\/posts"}],"about":[{"href":"http:\/\/jsdacores.pt\/front\/wp-json\/wp\/v2\/types\/post"}],"author":[{"embeddable":true,"href":"http:\/\/jsdacores.pt\/front\/wp-json\/wp\/v2\/users\/1"}],"replies":[{"embeddable":true,"href":"http:\/\/jsdacores.pt\/front\/wp-json\/wp\/v2\/comments?post=6738"}],"version-history":[{"count":1,"href":"http:\/\/jsdacores.pt\/front\/wp-json\/wp\/v2\/posts\/6738\/revisions"}],"predecessor-version":[{"id":6740,"href":"http:\/\/jsdacores.pt\/front\/wp-json\/wp\/v2\/posts\/6738\/revisions\/6740"}],"wp:featuredmedia":[{"embeddable":true,"href":"http:\/\/jsdacores.pt\/front\/wp-json\/wp\/v2\/media\/6739"}],"wp:attachment":[{"href":"http:\/\/jsdacores.pt\/front\/wp-json\/wp\/v2\/media?parent=6738"}],"wp:term":[{"taxonomy":"category","embeddable":true,"href":"http:\/\/jsdacores.pt\/front\/wp-json\/wp\/v2\/categories?post=6738"},{"taxonomy":"post_tag","embeddable":true,"href":"http:\/\/jsdacores.pt\/front\/wp-json\/wp\/v2\/tags?post=6738"}],"curies":[{"name":"wp","href":"https:\/\/api.w.org\/{rel}","templated":true}]}}