{"id":6742,"date":"2022-02-11T10:30:29","date_gmt":"2022-02-11T10:30:29","guid":{"rendered":"http:\/\/jsdacores.pt\/front\/?p=6742"},"modified":"2022-02-10T19:16:26","modified_gmt":"2022-02-10T19:16:26","slug":"jsd-acores-congratula-se-com-as-melhorias-nos-programas-estagiar","status":"publish","type":"post","link":"http:\/\/jsdacores.pt\/front\/news\/jsd-acores-congratula-se-com-as-melhorias-nos-programas-estagiar\/","title":{"rendered":"JSD\/A\u00e7ores congratula-se com as melhorias nos programas ESTAGIAR"},"content":{"rendered":"<p class=\"v1gmail-MsoNoSpacing\"><strong>A JSD\/A\u00e7ores congratulou-se hoje com a aprova\u00e7\u00e3o do projeto de resolu\u00e7\u00e3o do PSD\/A\u00e7ores, que cria um conjunto de melhorias nos Programas ESTAGIAR, &#8220;cumprindo-se assim a nossa ambi\u00e7\u00e3o de ter condi\u00e7\u00f5es mais vantajosas de frequ\u00eancia e acesso \u00e0queles programas&#8221;.<\/strong><\/p>\n<p class=\"v1gmail-MsoNoSpacing\">O l\u00edder daquela estrutura de juventude, Lu\u00eds Raposo, lembrou que a iniciativa agora aprovada &#8220;era uma revindica\u00e7\u00e3o j\u00e1 antiga da JSD\/A\u00e7ores e do PSD A\u00e7ores, que revela bem a import\u00e2ncia que os jovens nos merecem&#8221;.<\/p>\n<p class=\"v1gmail-MsoNoSpacing\">&#8220;Em sentido contr\u00e1rio est\u00e1 o Partido Socialista, que novamente voltou as costas aos jovens a\u00e7orianos, votando contra essas aguardadas mudan\u00e7as&#8221;, adiantou.<\/p>\n<p class=\"v1gmail-MsoNoSpacing\">&#8220;\u00c9 lament\u00e1vel que o PS tenha desmerecido o trabalho feito para melhorar as condi\u00e7\u00f5es de programas que s\u00e3o importantes, e cujo paradigma se alterou com esta iniciativa, em claro benef\u00edcio dos a\u00e7orianos em in\u00edcio de atividade laboral&#8221;, refere Lu\u00eds Raposo.<\/p>\n<p class=\"v1gmail-MsoNoSpacing\">&#8220;Ali\u00e1s, o PS nem apresentou qualquer proposta alternativa, limitando-se a criticar e a cair em contradi\u00e7\u00f5es, tentando mesmo defender o indefens\u00e1vel, depois de aferidas as vantagens das novas regras onde, por exemplo, passa a haver prote\u00e7\u00e3o social a quem estiver ao abrigo dos programas ESTAGIAR L e T, que fica abrangido pelo regime geral de Seguran\u00e7a Social dos trabalhadores por conta de outrem, come\u00e7ando a sua carreira contributiva&#8221;, explicou.<\/p>\n<p class=\"v1gmail-MsoNoSpacing\">Al\u00e9m dessa prote\u00e7\u00e3o social, passa a haver s\u00f3 um per\u00edodo de candidatura, de 1 de agosto a 31 de mar\u00e7o, e o in\u00edcio dos programas deve ocorrer entre 1 de setembro e 30 de abril.<\/p>\n<p class=\"v1gmail-MsoNoSpacing\">Haver\u00e1 altera\u00e7\u00f5es como a cria\u00e7\u00e3o de um per\u00edodo experimental de 30 dias nos programas ESTAGIAR L e T, concedendo aos estagi\u00e1rios e entidades promotoras, em caso de incumprimento dos projetos de est\u00e1gio, a oportunidade de apresentarem novas candidaturas, sem quaisquer penaliza\u00e7\u00f5es e, ainda, a constitui\u00e7\u00e3o da &#8216;Bolsa Empreendedor&#8217;, destinada a apoiar os jovens que cumpram os requisitos de acesso aos programas ESTAGIAR, mas que, ao inv\u00e9s de ingressar em est\u00e1gios profissionais, pretendam abrir o seu pr\u00f3prio neg\u00f3cio.<\/p>\n<p class=\"v1gmail-MsoNoSpacing\">No que ao Estagiar U diz respeito, a proposta contempla modifica\u00e7\u00f5es ao n\u00edvel do hor\u00e1rio semanal, repondo as 35 horas, sendo que o estagi\u00e1rio poder\u00e1 optar por quatro horas di\u00e1rias preenchidas em contexto laboral e tr\u00eas horas di\u00e1rias dedicadas a forma\u00e7\u00e3o promovida para Dire\u00e7\u00e3o Regional da Juventude, a fixa\u00e7\u00e3o da compensa\u00e7\u00e3o pecuni\u00e1ria mensal no programa Estagiar U, no valor da remunera\u00e7\u00e3o m\u00ednima garantida em vigor na Regi\u00e3o, e a possibilidade de que entidades sem fins lucrativos possam candidatar-se \u00e0 promo\u00e7\u00e3o de est\u00e1gios.<\/p>\n","protected":false},"excerpt":{"rendered":"<p>A JSD\/A\u00e7ores congratulou-se hoje com a aprova\u00e7\u00e3o do projeto de resolu\u00e7\u00e3o do PSD\/A\u00e7ores, que cria um conjunto de melhorias nos Programas ESTAGIAR, &#8220;cumprindo-se assim a nossa<span class=\"excerpt-hellip\"> [\u2026]<\/span><\/p>\n","protected":false},"author":1,"featured_media":6736,"comment_status":"open","ping_status":"open","sticky":false,"template":"","format":"image","meta":{"spay_email":"","footnotes":"","jetpack_publicize_message":"","jetpack_is_tweetstorm":false,"jetpack_publicize_feature_enabled":true},"categories":[28,11],"tags":[],"class_list":["post-6742","post","type-post","status-publish","format-image","has-post-thumbnail","hentry","category-destaque","category-news","post_format-post-format-image"],"jetpack_featured_media_url":"https:\/\/i0.wp.com\/jsdacores.pt\/front\/wp-content\/uploads\/2022\/01\/LUIS-RAPOSO-JSD-Entrevista-20JAN22-foto-scaled-1.jpg?fit=2560%2C1707","jetpack_publicize_connections":[],"jetpack_sharing_enabled":true,"jetpack_shortlink":"https:\/\/wp.me\/p8wvZV-1KK","_links":{"self":[{"href":"http:\/\/jsdacores.pt\/front\/wp-json\/wp\/v2\/posts\/6742","targetHints":{"allow":["GET"]}}],"collection":[{"href":"http:\/\/jsdacores.pt\/front\/wp-json\/wp\/v2\/posts"}],"about":[{"href":"http:\/\/jsdacores.pt\/front\/wp-json\/wp\/v2\/types\/post"}],"author":[{"embeddable":true,"href":"http:\/\/jsdacores.pt\/front\/wp-json\/wp\/v2\/users\/1"}],"replies":[{"embeddable":true,"href":"http:\/\/jsdacores.pt\/front\/wp-json\/wp\/v2\/comments?post=6742"}],"version-history":[{"count":1,"href":"http:\/\/jsdacores.pt\/front\/wp-json\/wp\/v2\/posts\/6742\/revisions"}],"predecessor-version":[{"id":6743,"href":"http:\/\/jsdacores.pt\/front\/wp-json\/wp\/v2\/posts\/6742\/revisions\/6743"}],"wp:featuredmedia":[{"embeddable":true,"href":"http:\/\/jsdacores.pt\/front\/wp-json\/wp\/v2\/media\/6736"}],"wp:attachment":[{"href":"http:\/\/jsdacores.pt\/front\/wp-json\/wp\/v2\/media?parent=6742"}],"wp:term":[{"taxonomy":"category","embeddable":true,"href":"http:\/\/jsdacores.pt\/front\/wp-json\/wp\/v2\/categories?post=6742"},{"taxonomy":"post_tag","embeddable":true,"href":"http:\/\/jsdacores.pt\/front\/wp-json\/wp\/v2\/tags?post=6742"}],"curies":[{"name":"wp","href":"https:\/\/api.w.org\/{rel}","templated":true}]}}