{"id":6750,"date":"2022-03-03T21:09:52","date_gmt":"2022-03-03T21:09:52","guid":{"rendered":"http:\/\/jsdacores.pt\/front\/?p=6750"},"modified":"2022-03-03T21:09:52","modified_gmt":"2022-03-03T21:09:52","slug":"jsd-acores-participa-em-conferencia-promovida-pelo-nera-nucleo-de-estudantes-das-regioes-autonomas-da-fdul","status":"publish","type":"post","link":"http:\/\/jsdacores.pt\/front\/news\/jsd-acores-participa-em-conferencia-promovida-pelo-nera-nucleo-de-estudantes-das-regioes-autonomas-da-fdul\/","title":{"rendered":"JSD\/A\u00e7ores participa em confer\u00eancia promovida pelo NERA \u2013 N\u00facleo de Estudantes das Regi\u00f5es Aut\u00f3nomas da FDUL"},"content":{"rendered":"<div>\n<p><strong>O Presidente da JSD\/A\u00e7ores, Lu\u00eds Raposo, participou, ontem, numa confer\u00eancia promovida pelo N\u00facleo de Estudantes das Regi\u00f5es Aut\u00f3nomas da Faculdade de Direito da Universidade de Lisboa, que decorreu online, e teve como mote \u201cO futuro de uma Gera\u00e7\u00e3o\u201d.<\/strong><\/p>\n<\/div>\n<div>\n<p>Para Lu\u00eds Raposo, que falava \u00e0 margem do evento, \u201cesta confer\u00eancia refor\u00e7ou o interesse, envolv\u00eancia e conhecimento que os nossos jovens estudantes t\u00eam sobre os mais diferentes temas com implica\u00e7\u00f5es diretas nas nossas Ilhas\u201d, salientando, ainda, que \u201cfoi um momento de reflex\u00e3o e discuss\u00e3o de diferentes pontos de vista, e que tamb\u00e9m \u00e9, por esta via, que valorizamos os nossos jovens e os envolvemos na sociedade\u201d, concluiu.<\/p>\n<\/div>\n<div>\n<p>O l\u00edder da estrutura de juventude A\u00e7oriana aproveitou a ocasi\u00e3o para destacar \u201ca import\u00e2ncia da realiza\u00e7\u00e3o deste tipo de iniciativas\u201d, incentivando a que \u201cpossam outras organiza\u00e7\u00f5es e entidades promover e dinamizar espa\u00e7os de debate com os jovens A\u00e7orianos\u201d destacando, ainda, \u201ca oportunidade de, tamb\u00e9m nos A\u00e7ores, convergirmos com a agenda da Juventude a prop\u00f3sito do Ano Europeu da Juventude, que se assinala em 2022\u201d.<\/p>\n<\/div>\n<div>\n<p>O desenvolvimento do mercado laboral, as oportunidades e o acesso ao primeiro emprego, o acesso \u00e0 habita\u00e7\u00e3o, a absten\u00e7\u00e3o e at\u00e9 o subs\u00eddio social de mobilidade, foram alguns dos temas em debate na Confer\u00eancia.<\/p>\n<\/div>\n<div>\n<p>&nbsp;<\/p>\n<\/div>\n","protected":false},"excerpt":{"rendered":"<p>O Presidente da JSD\/A\u00e7ores, Lu\u00eds Raposo, participou, ontem, numa confer\u00eancia promovida pelo N\u00facleo de Estudantes das Regi\u00f5es Aut\u00f3nomas da Faculdade de Direito da Universidade de Lisboa,<span class=\"excerpt-hellip\"> [\u2026]<\/span><\/p>\n","protected":false},"author":1,"featured_media":6753,"comment_status":"open","ping_status":"open","sticky":false,"template":"","format":"image","meta":{"spay_email":"","footnotes":"","jetpack_publicize_message":"","jetpack_is_tweetstorm":false,"jetpack_publicize_feature_enabled":true},"categories":[28,11],"tags":[],"class_list":["post-6750","post","type-post","status-publish","format-image","has-post-thumbnail","hentry","category-destaque","category-news","post_format-post-format-image"],"jetpack_featured_media_url":"https:\/\/i0.wp.com\/jsdacores.pt\/front\/wp-content\/uploads\/2022\/03\/274774157_486965839747744_8267167766771667728_n.jpg?fit=1170%2C599","jetpack_publicize_connections":[],"jetpack_sharing_enabled":true,"jetpack_shortlink":"https:\/\/wp.me\/p8wvZV-1KS","_links":{"self":[{"href":"http:\/\/jsdacores.pt\/front\/wp-json\/wp\/v2\/posts\/6750","targetHints":{"allow":["GET"]}}],"collection":[{"href":"http:\/\/jsdacores.pt\/front\/wp-json\/wp\/v2\/posts"}],"about":[{"href":"http:\/\/jsdacores.pt\/front\/wp-json\/wp\/v2\/types\/post"}],"author":[{"embeddable":true,"href":"http:\/\/jsdacores.pt\/front\/wp-json\/wp\/v2\/users\/1"}],"replies":[{"embeddable":true,"href":"http:\/\/jsdacores.pt\/front\/wp-json\/wp\/v2\/comments?post=6750"}],"version-history":[{"count":1,"href":"http:\/\/jsdacores.pt\/front\/wp-json\/wp\/v2\/posts\/6750\/revisions"}],"predecessor-version":[{"id":6786,"href":"http:\/\/jsdacores.pt\/front\/wp-json\/wp\/v2\/posts\/6750\/revisions\/6786"}],"wp:featuredmedia":[{"embeddable":true,"href":"http:\/\/jsdacores.pt\/front\/wp-json\/wp\/v2\/media\/6753"}],"wp:attachment":[{"href":"http:\/\/jsdacores.pt\/front\/wp-json\/wp\/v2\/media?parent=6750"}],"wp:term":[{"taxonomy":"category","embeddable":true,"href":"http:\/\/jsdacores.pt\/front\/wp-json\/wp\/v2\/categories?post=6750"},{"taxonomy":"post_tag","embeddable":true,"href":"http:\/\/jsdacores.pt\/front\/wp-json\/wp\/v2\/tags?post=6750"}],"curies":[{"name":"wp","href":"https:\/\/api.w.org\/{rel}","templated":true}]}}