{"id":6841,"date":"2022-03-25T09:31:14","date_gmt":"2022-03-25T09:31:14","guid":{"rendered":"http:\/\/jsdacores.pt\/front\/?p=6841"},"modified":"2022-03-25T09:32:08","modified_gmt":"2022-03-25T09:32:08","slug":"jsd-ribeira-grande-reune-com-associacao-de-estudantes-da-esrg","status":"publish","type":"post","link":"http:\/\/jsdacores.pt\/front\/news\/jsd-ribeira-grande-reune-com-associacao-de-estudantes-da-esrg\/","title":{"rendered":"JSD\/Ribeira Grande re\u00fane com Associa\u00e7\u00e3o de Estudantes da ESRG"},"content":{"rendered":"<div class=\"v1gmail_default\">\n<div class=\"kvgmc6g5 cxmmr5t8 oygrvhab hcukyx3x c1et5uql ii04i59q\">\n<div dir=\"auto\">O presidente da JSD\/Ribeira Grande, Andr\u00e9 Pontes, acompanhado pelo presidente da JSD\/A\u00e7ores, Lu\u00eds Raposo, e por militantes da estrutura concelhia, reuniram ontem, 24 de Mar\u00e7o,\u00a0com a Associa\u00e7\u00e3o de Estudantes da Escola Secund\u00e1ria da Ribeira Grande.<\/div>\n<\/div>\n<div class=\"cxmmr5t8 oygrvhab hcukyx3x c1et5uql o9v6fnle ii04i59q\">\n<div dir=\"auto\"><\/div>\n<div dir=\"auto\">No dia em que se assinada o Dia Nacional do Estudante, a Comiss\u00e3o Pol\u00edtica Concelhia da JSD\/Ribeira Grande, aproveitou o momento para reunir com a AE da ESRG, de modo a estreitar rela\u00e7\u00f5es com a atual associa\u00e7\u00e3o e perceber junto dos mesmos as preocupa\u00e7\u00f5es dos jovens da Escola Secund\u00e1ria da Ribeira Grande.<\/div>\n<\/div>\n<div class=\"cxmmr5t8 oygrvhab hcukyx3x c1et5uql o9v6fnle ii04i59q\">\n<div dir=\"auto\"><\/div>\n<div dir=\"auto\">Na ocasi\u00e3o, o presidente da estrutura Ribeiragrandense apelou ao facto da JSD\/Ribeira Grande estar ao dispor da Associa\u00e7\u00e3o de Estudantes para qualquer eventualidade, tendo afirmado que &#8220;a defesa dos estudantes da Ribeira Grande est\u00e1, e sempre estar\u00e1, na nossa linha de a\u00e7\u00e3o&#8221; referiu Andr\u00e9 Pontes.<\/div>\n<\/div>\n<\/div>\n","protected":false},"excerpt":{"rendered":"<p>O presidente da JSD\/Ribeira Grande, Andr\u00e9 Pontes, acompanhado pelo presidente da JSD\/A\u00e7ores, Lu\u00eds Raposo, e por militantes da estrutura concelhia, reuniram ontem, 24 de Mar\u00e7o,\u00a0com a<span class=\"excerpt-hellip\"> [\u2026]<\/span><\/p>\n","protected":false},"author":1,"featured_media":6842,"comment_status":"open","ping_status":"open","sticky":false,"template":"","format":"standard","meta":{"spay_email":"","footnotes":"","jetpack_publicize_message":"","jetpack_is_tweetstorm":false,"jetpack_publicize_feature_enabled":true},"categories":[28,11,24],"tags":[74,67],"class_list":["post-6841","post","type-post","status-publish","format-standard","has-post-thumbnail","hentry","category-destaque","category-news","category-jotalocal","tag-dianacionaldoestudante","tag-jsd-ribeira-grande"],"jetpack_featured_media_url":"https:\/\/i0.wp.com\/jsdacores.pt\/front\/wp-content\/uploads\/2022\/03\/276980538_1011829649740482_7047117145347738360_n.jpg?fit=2048%2C1536","jetpack_publicize_connections":[],"jetpack_sharing_enabled":true,"jetpack_shortlink":"https:\/\/wp.me\/p8wvZV-1Ml","_links":{"self":[{"href":"http:\/\/jsdacores.pt\/front\/wp-json\/wp\/v2\/posts\/6841","targetHints":{"allow":["GET"]}}],"collection":[{"href":"http:\/\/jsdacores.pt\/front\/wp-json\/wp\/v2\/posts"}],"about":[{"href":"http:\/\/jsdacores.pt\/front\/wp-json\/wp\/v2\/types\/post"}],"author":[{"embeddable":true,"href":"http:\/\/jsdacores.pt\/front\/wp-json\/wp\/v2\/users\/1"}],"replies":[{"embeddable":true,"href":"http:\/\/jsdacores.pt\/front\/wp-json\/wp\/v2\/comments?post=6841"}],"version-history":[{"count":1,"href":"http:\/\/jsdacores.pt\/front\/wp-json\/wp\/v2\/posts\/6841\/revisions"}],"predecessor-version":[{"id":6843,"href":"http:\/\/jsdacores.pt\/front\/wp-json\/wp\/v2\/posts\/6841\/revisions\/6843"}],"wp:featuredmedia":[{"embeddable":true,"href":"http:\/\/jsdacores.pt\/front\/wp-json\/wp\/v2\/media\/6842"}],"wp:attachment":[{"href":"http:\/\/jsdacores.pt\/front\/wp-json\/wp\/v2\/media?parent=6841"}],"wp:term":[{"taxonomy":"category","embeddable":true,"href":"http:\/\/jsdacores.pt\/front\/wp-json\/wp\/v2\/categories?post=6841"},{"taxonomy":"post_tag","embeddable":true,"href":"http:\/\/jsdacores.pt\/front\/wp-json\/wp\/v2\/tags?post=6841"}],"curies":[{"name":"wp","href":"https:\/\/api.w.org\/{rel}","templated":true}]}}