{"id":7208,"date":"2022-08-04T08:41:24","date_gmt":"2022-08-04T08:41:24","guid":{"rendered":"http:\/\/jsdacores.pt\/front\/?p=7208"},"modified":"2022-08-04T08:41:24","modified_gmt":"2022-08-04T08:41:24","slug":"jsd-e-psd-acores-jose-manuel-bolieiro-elogia-mensagem-de-mobilizacao-civica-da-universidade-de-verao","status":"publish","type":"post","link":"http:\/\/jsdacores.pt\/front\/news\/jsd-e-psd-acores-jose-manuel-bolieiro-elogia-mensagem-de-mobilizacao-civica-da-universidade-de-verao\/","title":{"rendered":"JSD e PSD\/A\u00e7ores. Jos\u00e9 Manuel Bolieiro elogia mensagem de mobiliza\u00e7\u00e3o c\u00edvica da Universidade de Ver\u00e3o"},"content":{"rendered":"<p style=\"font-weight: 400\"><strong>O presidente do PSD\/A\u00e7ores elogiou, ontem, na apresenta\u00e7\u00e3o p\u00fablica do evento, &#8220;a mensagem de mobiliza\u00e7\u00e3o para a participa\u00e7\u00e3o c\u00edvica dos jovens\u201d levada a cabo pela Universidade de Ver\u00e3o, que o partido e a JSD\/A\u00e7ores promovem, pela nona vez, entre 18 e 20 deste m\u00eas, na Ilha Graciosa.<\/strong><\/p>\n<p>Jos\u00e9 Manuel Bolieiro enfatizava o retomar da vers\u00e3o presencial, na confer\u00eancia de imprensa, que apresentou a 9\u00aa edi\u00e7\u00e3o daquele evento conjunto, \u201cdepois de nos dois \u00faltimos anos a crise pand\u00e9mica ter impedido que assim fosse\u201d, lembrou.<\/p>\n<p>\u201cPara todos os participantes, militantes ou n\u00e3o da JSD ou do PSD, esta tem sido uma escola de forma\u00e7\u00e3o c\u00edvica, uma oportunidade de participa\u00e7\u00e3o, de reflex\u00e3o, de enriquecimento intelectual e motiva\u00e7\u00e3o doutrin\u00e1ria\u201d, destacou o presidente do partido, frisando que \u201cos diversos pain\u00e9is das v\u00e1rias edi\u00e7\u00f5es assim o confirmam, sendo indiscut\u00edvel a qualidade de oradores e convidados\u201d.<\/p>\n<p>Para o presidente da JSD\/A\u00e7ores, Lu\u00eds Raposo, a iniciativa apresentada ontem significa a continuidade \u201cda maior e melhor escola de forma\u00e7\u00e3o pol\u00edtica da Regi\u00e3o que, nesta nona edi\u00e7\u00e3o, vai totalizar mais de 200 alunos&#8221;, afirmou.<\/p>\n<p>A nona edi\u00e7\u00e3o da Universidade de Ver\u00e3o do PSD\/A\u00e7ores e da JSD\/A\u00e7ores conta com um leque alargado de oradores e convidados, estando, entre eles, a vice-presidente nacional do PSD, Margarida Balseiro Lopes; a Secret\u00e1ria Regional da Educa\u00e7\u00e3o, Sofia Ribeiro; o Diretor Regional da Ci\u00eancia e Tecnologia Fl\u00e1vio Tiago; o deputado do PSD na Assembleia da Rep\u00fablica, eleito pelos A\u00e7ores, Paulo Moniz; e os professores universit\u00e1rios F\u00e1tima Viveiros (UAc\/IVAR), Ana Andrade (Univ. Cat\u00f3lica do Porto) e Nicolau Wallentstein (UAc\/IVAR).<\/p>\n<p>As v\u00e1rias interven\u00e7\u00f5es, debates e confer\u00eancias ter\u00e3o como tem\u00e1ticas a A\u00e7\u00e3o Clim\u00e1tica, Educa\u00e7\u00e3o e Qualifica\u00e7\u00e3o Profissional, Sa\u00fade, Europa, Ci\u00eancia, Tecnologia, Inova\u00e7\u00e3o e as Autonomias.<\/p>\n<p>A 9\u00aa Universidade de Ver\u00e3o da JSD\/A\u00e7ores e do PSD\/A\u00e7ores tem Fl\u00e1vio Soares, deputado regional do PSD\/A\u00e7ores e ex-l\u00edder da JSD\/A\u00e7ores, como reitor.\u201d<\/p>\n","protected":false},"excerpt":{"rendered":"<p>O presidente do PSD\/A\u00e7ores elogiou, ontem, na apresenta\u00e7\u00e3o p\u00fablica do evento, &#8220;a mensagem de mobiliza\u00e7\u00e3o para a participa\u00e7\u00e3o c\u00edvica dos jovens\u201d levada a cabo pela Universidade<span class=\"excerpt-hellip\"> [\u2026]<\/span><\/p>\n","protected":false},"author":1,"featured_media":7209,"comment_status":"open","ping_status":"open","sticky":false,"template":"","format":"image","meta":{"spay_email":"","footnotes":"","jetpack_publicize_message":"","jetpack_is_tweetstorm":false,"jetpack_publicize_feature_enabled":true},"categories":[28,11,22],"tags":[],"class_list":["post-7208","post","type-post","status-publish","format-image","has-post-thumbnail","hentry","category-destaque","category-news","category-uv-acores","post_format-post-format-image"],"jetpack_featured_media_url":"https:\/\/i0.wp.com\/jsdacores.pt\/front\/wp-content\/uploads\/2022\/08\/JOSE-MANUEL-BOLIEIRO-Apresentacao-UV2022-3AGO22-foto-scaled-1.jpg?fit=2560%2C1707","jetpack_publicize_connections":[],"jetpack_sharing_enabled":true,"jetpack_shortlink":"https:\/\/wp.me\/p8wvZV-1Sg","_links":{"self":[{"href":"http:\/\/jsdacores.pt\/front\/wp-json\/wp\/v2\/posts\/7208","targetHints":{"allow":["GET"]}}],"collection":[{"href":"http:\/\/jsdacores.pt\/front\/wp-json\/wp\/v2\/posts"}],"about":[{"href":"http:\/\/jsdacores.pt\/front\/wp-json\/wp\/v2\/types\/post"}],"author":[{"embeddable":true,"href":"http:\/\/jsdacores.pt\/front\/wp-json\/wp\/v2\/users\/1"}],"replies":[{"embeddable":true,"href":"http:\/\/jsdacores.pt\/front\/wp-json\/wp\/v2\/comments?post=7208"}],"version-history":[{"count":1,"href":"http:\/\/jsdacores.pt\/front\/wp-json\/wp\/v2\/posts\/7208\/revisions"}],"predecessor-version":[{"id":7210,"href":"http:\/\/jsdacores.pt\/front\/wp-json\/wp\/v2\/posts\/7208\/revisions\/7210"}],"wp:featuredmedia":[{"embeddable":true,"href":"http:\/\/jsdacores.pt\/front\/wp-json\/wp\/v2\/media\/7209"}],"wp:attachment":[{"href":"http:\/\/jsdacores.pt\/front\/wp-json\/wp\/v2\/media?parent=7208"}],"wp:term":[{"taxonomy":"category","embeddable":true,"href":"http:\/\/jsdacores.pt\/front\/wp-json\/wp\/v2\/categories?post=7208"},{"taxonomy":"post_tag","embeddable":true,"href":"http:\/\/jsdacores.pt\/front\/wp-json\/wp\/v2\/tags?post=7208"}],"curies":[{"name":"wp","href":"https:\/\/api.w.org\/{rel}","templated":true}]}}